{"id":8564,"date":"2026-09-03T12:01:31","date_gmt":"2026-09-03T09:01:31","guid":{"rendered":"https:\/\/yurtbakisi.com\/?p=8564"},"modified":"2026-09-03T12:01:37","modified_gmt":"2026-09-03T09:01:37","slug":"filenin-sultanlari-yari-final-icin-sahaya-cikiyor","status":"publish","type":"post","link":"https:\/\/yurtbakisi.com\/?p=8564","title":{"rendered":"Filenin Sultanlar\u0131 yar\u0131 final i\u00e7in sahaya \u00e7\u0131k\u0131yor"},"content":{"rendered":"<p>CEV Trendyol Avrupa \u015eampiyonas\u0131&#039;nda m\u00fccadele eden Filenin Sultanlar\u0131, ad\u0131n\u0131 yar\u0131 finale yazd\u0131rmak i\u00e7in m\u00fccadele edecek. Ay-Y\u0131ld\u0131zl\u0131lar\u0131m\u0131z, grup a\u015famas\u0131nda yendi\u011fi Almanya ile kar\u015f\u0131la\u015facak. Bug\u00fcn saat 19.00&#039;da ba\u015flayacak \u00e7eyrek final ma\u00e7\u0131, TRT 1&#039;den naklen yay\u0131nlanacak.<\/p>\n<p><strong>Kaynak:<\/strong> TRT Haber \u2014 <a href=\"https:\/\/www.trthaber.com\/haber\/gundem\/filenin-sultanlari-yari-final-icin-sahaya-cikiyor-955744.html\" target=\"_blank\" rel=\"nofollow noopener\">Haberin devam\u0131n\u0131 \u00f6zg\u00fcn kayna\u011f\u0131nda oku<\/a><\/p>\n","protected":false},"excerpt":{"rendered":"<p>CEV Trendyol Avrupa \u015eampiyonas\u0131&#8217;nda m\u00fccadele eden Filenin Sultanlar\u0131, ad\u0131n\u0131 yar\u0131 finale yazd\u0131rmak i\u00e7in m\u00fccadele edecek. Ay-Y\u0131ld\u0131zl\u0131lar\u0131m\u0131z, grup a\u015famas\u0131nda yendi\u011fi Almanya ile kar\u015f\u0131la\u015facak. Bug\u00fcn saat 19.00&#8217;da ba\u015flayacak \u00e7eyrek final ma\u00e7\u0131, TRT 1&#8217;den naklen yay\u0131nlanacak.<\/p>\n","protected":false},"author":0,"featured_media":8565,"comment_status":"closed","ping_status":"closed","sticky":false,"template":"","format":"standard","meta":{"_yb_topic_hash":"40ec0c436412100884af7829ba1c22b2cbc3e8ba2a144c6be7369f69112fdc3e","_yb_image_repair_status":"","_yb_image_repair_last":"","_yb_image_repair_attempts":0,"_yb_source_trust_score":0,"footnotes":""},"categories":[153],"tags":[],"yb_news_series":[],"yb_language":[],"class_list":["post-8564","post","type-post","status-publish","format-standard","has-post-thumbnail","hentry","category-gundem"],"blocksy_meta":[],"_links":{"self":[{"href":"https:\/\/yurtbakisi.com\/index.php?rest_route=\/wp\/v2\/posts\/8564","targetHints":{"allow":["GET"]}}],"collection":[{"href":"https:\/\/yurtbakisi.com\/index.php?rest_route=\/wp\/v2\/posts"}],"about":[{"href":"https:\/\/yurtbakisi.com\/index.php?rest_route=\/wp\/v2\/types\/post"}],"replies":[{"embeddable":true,"href":"https:\/\/yurtbakisi.com\/index.php?rest_route=%2Fwp%2Fv2%2Fcomments&post=8564"}],"version-history":[{"count":1,"href":"https:\/\/yurtbakisi.com\/index.php?rest_route=\/wp\/v2\/posts\/8564\/revisions"}],"predecessor-version":[{"id":8566,"href":"https:\/\/yurtbakisi.com\/index.php?rest_route=\/wp\/v2\/posts\/8564\/revisions\/8566"}],"wp:featuredmedia":[{"embeddable":true,"href":"https:\/\/yurtbakisi.com\/index.php?rest_route=\/wp\/v2\/media\/8565"}],"wp:attachment":[{"href":"https:\/\/yurtbakisi.com\/index.php?rest_route=%2Fwp%2Fv2%2Fmedia&parent=8564"}],"wp:term":[{"taxonomy":"category","embeddable":true,"href":"https:\/\/yurtbakisi.com\/index.php?rest_route=%2Fwp%2Fv2%2Fcategories&post=8564"},{"taxonomy":"post_tag","embeddable":true,"href":"https:\/\/yurtbakisi.com\/index.php?rest_route=%2Fwp%2Fv2%2Ftags&post=8564"},{"taxonomy":"yb_news_series","embeddable":true,"href":"https:\/\/yurtbakisi.com\/index.php?rest_route=%2Fwp%2Fv2%2Fyb_news_series&post=8564"},{"taxonomy":"yb_language","embeddable":true,"href":"https:\/\/yurtbakisi.com\/index.php?rest_route=%2Fwp%2Fv2%2Fyb_language&post=8564"}],"curies":[{"name":"wp","href":"https:\/\/api.w.org\/{rel}","templated":true}]}}