{"id":8571,"date":"2026-09-03T12:57:08","date_gmt":"2026-09-03T09:57:08","guid":{"rendered":"https:\/\/yurtbakisi.com\/?p=8571"},"modified":"2026-09-03T12:57:16","modified_gmt":"2026-09-03T09:57:16","slug":"ahmet-davutoglu-hakkinda-sorusturma-baslatildi","status":"publish","type":"post","link":"https:\/\/yurtbakisi.com\/?p=8571","title":{"rendered":"Ahmet Davuto\u011flu hakk\u0131nda soru\u015fturma ba\u015flat\u0131ld\u0131"},"content":{"rendered":"<p>Ankara Cumhuriyet Ba\u015fsavc\u0131l\u0131\u011f\u0131, feshedilen Gelecek Partisi\u2019nin Genel Ba\u015fkan\u0131 Ahmet Davuto\u011flu hakk\u0131nda, sosyal medyada payla\u015f\u0131lan ve Cumhurba\u015fkan\u0131na hakaret i\u00e7erdi\u011fi de\u011ferlendirilen ifadeleri nedeniyle soru\u015fturma ba\u015flatt\u0131.<\/p>\n<p><strong>Kaynak:<\/strong> TRT Haber \u2014 <a href=\"https:\/\/www.trthaber.com\/haber\/gundem\/ahmet-davutoglu-hakkinda-sorusturma-baslatildi-955765.html\" target=\"_blank\" rel=\"nofollow noopener\">Haberin devam\u0131n\u0131 \u00f6zg\u00fcn kayna\u011f\u0131nda oku<\/a><\/p>\n","protected":false},"excerpt":{"rendered":"<p>Ankara Cumhuriyet Ba\u015fsavc\u0131l\u0131\u011f\u0131, feshedilen Gelecek Partisi\u2019nin Genel Ba\u015fkan\u0131 Ahmet Davuto\u011flu hakk\u0131nda, sosyal medyada payla\u015f\u0131lan ve Cumhurba\u015fkan\u0131na hakaret i\u00e7erdi\u011fi de\u011ferlendirilen ifadeleri nedeniyle soru\u015fturma ba\u015flatt\u0131.<\/p>\n","protected":false},"author":0,"featured_media":8572,"comment_status":"closed","ping_status":"closed","sticky":false,"template":"","format":"standard","meta":{"_yb_topic_hash":"f6421c4be3d983293f94aa8a2a1446a3f70725bb001a5d7b56c87958eb1d55f0","_yb_image_repair_status":"","_yb_image_repair_last":"","_yb_image_repair_attempts":0,"_yb_source_trust_score":0,"footnotes":""},"categories":[153],"tags":[117],"yb_news_series":[],"yb_language":[],"class_list":["post-8571","post","type-post","status-publish","format-standard","has-post-thumbnail","hentry","category-gundem","tag-sosyal-medya"],"blocksy_meta":[],"_links":{"self":[{"href":"https:\/\/yurtbakisi.com\/index.php?rest_route=\/wp\/v2\/posts\/8571","targetHints":{"allow":["GET"]}}],"collection":[{"href":"https:\/\/yurtbakisi.com\/index.php?rest_route=\/wp\/v2\/posts"}],"about":[{"href":"https:\/\/yurtbakisi.com\/index.php?rest_route=\/wp\/v2\/types\/post"}],"replies":[{"embeddable":true,"href":"https:\/\/yurtbakisi.com\/index.php?rest_route=%2Fwp%2Fv2%2Fcomments&post=8571"}],"version-history":[{"count":1,"href":"https:\/\/yurtbakisi.com\/index.php?rest_route=\/wp\/v2\/posts\/8571\/revisions"}],"predecessor-version":[{"id":8573,"href":"https:\/\/yurtbakisi.com\/index.php?rest_route=\/wp\/v2\/posts\/8571\/revisions\/8573"}],"wp:featuredmedia":[{"embeddable":true,"href":"https:\/\/yurtbakisi.com\/index.php?rest_route=\/wp\/v2\/media\/8572"}],"wp:attachment":[{"href":"https:\/\/yurtbakisi.com\/index.php?rest_route=%2Fwp%2Fv2%2Fmedia&parent=8571"}],"wp:term":[{"taxonomy":"category","embeddable":true,"href":"https:\/\/yurtbakisi.com\/index.php?rest_route=%2Fwp%2Fv2%2Fcategories&post=8571"},{"taxonomy":"post_tag","embeddable":true,"href":"https:\/\/yurtbakisi.com\/index.php?rest_route=%2Fwp%2Fv2%2Ftags&post=8571"},{"taxonomy":"yb_news_series","embeddable":true,"href":"https:\/\/yurtbakisi.com\/index.php?rest_route=%2Fwp%2Fv2%2Fyb_news_series&post=8571"},{"taxonomy":"yb_language","embeddable":true,"href":"https:\/\/yurtbakisi.com\/index.php?rest_route=%2Fwp%2Fv2%2Fyb_language&post=8571"}],"curies":[{"name":"wp","href":"https:\/\/api.w.org\/{rel}","templated":true}]}}