{"id":8603,"date":"2026-09-03T13:57:07","date_gmt":"2026-09-03T10:57:07","guid":{"rendered":"https:\/\/yurtbakisi.com\/?p=8603"},"modified":"2026-09-03T13:57:13","modified_gmt":"2026-09-03T10:57:13","slug":"bakan-goktas-sehit-ve-gazi-cocuklarimizi-desteklemeye-devam-ediyoruz","status":"publish","type":"post","link":"https:\/\/yurtbakisi.com\/?p=8603","title":{"rendered":"Bakan G\u00f6kta\u015f: \u015eehit ve gazi \u00e7ocuklar\u0131m\u0131z\u0131 desteklemeye devam ediyoruz"},"content":{"rendered":"<p>Aile ve Sosyal Hizmetler Bakan\u0131 Mahinur \u00d6zdemir G\u00f6kta\u015f, &quot;E\u011fitimden sosyal haklara kadar \u015fehit ve gazi \u00e7ocuklar\u0131m\u0131za \u00e7ok kapsaml\u0131 imkanlar sunuyor, onlar\u0131 e\u011fitim hayatlar\u0131 boyunca kesintisiz olarak desteklemeye devam ediyoruz&quot; dedi.<\/p>\n<p><strong>Kaynak:<\/strong> TRT Haber \u2014 <a href=\"https:\/\/www.trthaber.com\/haber\/gundem\/bakan-goktas-sehit-ve-gazi-cocuklarimizi-desteklemeye-devam-ediyoruz-955759.html\" target=\"_blank\" rel=\"nofollow noopener\">Haberin devam\u0131n\u0131 \u00f6zg\u00fcn kayna\u011f\u0131nda oku<\/a><\/p>\n","protected":false},"excerpt":{"rendered":"<p>Aile ve Sosyal Hizmetler Bakan\u0131 Mahinur \u00d6zdemir G\u00f6kta\u015f, &#8220;E\u011fitimden sosyal haklara kadar \u015fehit ve gazi \u00e7ocuklar\u0131m\u0131za \u00e7ok kapsaml\u0131 imkanlar sunuyor, onlar\u0131 e\u011fitim hayatlar\u0131 boyunca kesintisiz olarak desteklemeye devam ediyoruz&#8221; dedi.<\/p>\n","protected":false},"author":0,"featured_media":8604,"comment_status":"closed","ping_status":"closed","sticky":false,"template":"","format":"standard","meta":{"_yb_topic_hash":"780221878946d582dc441215ced5b29d2cbba5433e04866ab62e3c4c13ad6a24","_yb_image_repair_status":"","_yb_image_repair_last":"","_yb_image_repair_attempts":0,"_yb_source_trust_score":0,"footnotes":""},"categories":[157,153],"tags":[],"yb_news_series":[],"yb_language":[],"class_list":["post-8603","post","type-post","status-publish","format-standard","has-post-thumbnail","hentry","category-egitim","category-gundem"],"blocksy_meta":[],"_links":{"self":[{"href":"https:\/\/yurtbakisi.com\/index.php?rest_route=\/wp\/v2\/posts\/8603","targetHints":{"allow":["GET"]}}],"collection":[{"href":"https:\/\/yurtbakisi.com\/index.php?rest_route=\/wp\/v2\/posts"}],"about":[{"href":"https:\/\/yurtbakisi.com\/index.php?rest_route=\/wp\/v2\/types\/post"}],"replies":[{"embeddable":true,"href":"https:\/\/yurtbakisi.com\/index.php?rest_route=%2Fwp%2Fv2%2Fcomments&post=8603"}],"version-history":[{"count":1,"href":"https:\/\/yurtbakisi.com\/index.php?rest_route=\/wp\/v2\/posts\/8603\/revisions"}],"predecessor-version":[{"id":8605,"href":"https:\/\/yurtbakisi.com\/index.php?rest_route=\/wp\/v2\/posts\/8603\/revisions\/8605"}],"wp:featuredmedia":[{"embeddable":true,"href":"https:\/\/yurtbakisi.com\/index.php?rest_route=\/wp\/v2\/media\/8604"}],"wp:attachment":[{"href":"https:\/\/yurtbakisi.com\/index.php?rest_route=%2Fwp%2Fv2%2Fmedia&parent=8603"}],"wp:term":[{"taxonomy":"category","embeddable":true,"href":"https:\/\/yurtbakisi.com\/index.php?rest_route=%2Fwp%2Fv2%2Fcategories&post=8603"},{"taxonomy":"post_tag","embeddable":true,"href":"https:\/\/yurtbakisi.com\/index.php?rest_route=%2Fwp%2Fv2%2Ftags&post=8603"},{"taxonomy":"yb_news_series","embeddable":true,"href":"https:\/\/yurtbakisi.com\/index.php?rest_route=%2Fwp%2Fv2%2Fyb_news_series&post=8603"},{"taxonomy":"yb_language","embeddable":true,"href":"https:\/\/yurtbakisi.com\/index.php?rest_route=%2Fwp%2Fv2%2Fyb_language&post=8603"}],"curies":[{"name":"wp","href":"https:\/\/api.w.org\/{rel}","templated":true}]}}