{"id":8606,"date":"2026-09-03T13:57:19","date_gmt":"2026-09-03T10:57:19","guid":{"rendered":"https:\/\/yurtbakisi.com\/?p=8606"},"modified":"2026-09-03T13:57:26","modified_gmt":"2026-09-03T10:57:26","slug":"alsu-gemisinde-gorevli-9-kisi-gozaltina-alindi","status":"publish","type":"post","link":"https:\/\/yurtbakisi.com\/?p=8606","title":{"rendered":"Alsu gemisinde g\u00f6revli 9 ki\u015fi g\u00f6zalt\u0131na al\u0131nd\u0131"},"content":{"rendered":"<p>Silivri a\u00e7\u0131klar\u0131ndaki gemi kazas\u0131na ili\u015fkin soru\u015fturmada a\u015f\u00e7\u0131 hari\u00e7 9 ki\u015fi g\u00f6zalt\u0131na al\u0131n\u0131rken, \u015f\u00fcphelilerden kimlerin adliyeye sevk edilece\u011fi durumunun bilirki\u015fi \u00f6n raporu do\u011frultusunda \u00f6\u011fleden sonra say\u0131 ve kimlikleriyle netle\u015fece\u011fi bildirildi.<\/p>\n<p><strong>Kaynak:<\/strong> TRT Haber \u2014 <a href=\"https:\/\/www.trthaber.com\/haber\/turkiye\/alsu-gemisinde-gorevli-9-kisi-gozaltina-alindi-955740.html\" target=\"_blank\" rel=\"nofollow noopener\">Haberin devam\u0131n\u0131 \u00f6zg\u00fcn kayna\u011f\u0131nda oku<\/a><\/p>\n","protected":false},"excerpt":{"rendered":"<p>Silivri a\u00e7\u0131klar\u0131ndaki gemi kazas\u0131na ili\u015fkin soru\u015fturmada a\u015f\u00e7\u0131 hari\u00e7 9 ki\u015fi g\u00f6zalt\u0131na al\u0131n\u0131rken, \u015f\u00fcphelilerden kimlerin adliyeye sevk edilece\u011fi durumunun bilirki\u015fi \u00f6n raporu do\u011frultusunda \u00f6\u011fleden sonra say\u0131 ve kimlikleriyle netle\u015fece\u011fi bildirildi.<\/p>\n","protected":false},"author":0,"featured_media":8607,"comment_status":"closed","ping_status":"closed","sticky":false,"template":"","format":"standard","meta":{"_yb_topic_hash":"e597736840a76fd7a5ae4ac1c21ab481c2a829c2eee413273822df2ff6114ed5","_yb_image_repair_status":"","_yb_image_repair_last":"","_yb_image_repair_attempts":0,"_yb_source_trust_score":0,"footnotes":""},"categories":[154],"tags":[],"yb_news_series":[],"yb_language":[],"class_list":["post-8606","post","type-post","status-publish","format-standard","has-post-thumbnail","hentry","category-turkiye"],"blocksy_meta":[],"_links":{"self":[{"href":"https:\/\/yurtbakisi.com\/index.php?rest_route=\/wp\/v2\/posts\/8606","targetHints":{"allow":["GET"]}}],"collection":[{"href":"https:\/\/yurtbakisi.com\/index.php?rest_route=\/wp\/v2\/posts"}],"about":[{"href":"https:\/\/yurtbakisi.com\/index.php?rest_route=\/wp\/v2\/types\/post"}],"replies":[{"embeddable":true,"href":"https:\/\/yurtbakisi.com\/index.php?rest_route=%2Fwp%2Fv2%2Fcomments&post=8606"}],"version-history":[{"count":1,"href":"https:\/\/yurtbakisi.com\/index.php?rest_route=\/wp\/v2\/posts\/8606\/revisions"}],"predecessor-version":[{"id":8608,"href":"https:\/\/yurtbakisi.com\/index.php?rest_route=\/wp\/v2\/posts\/8606\/revisions\/8608"}],"wp:featuredmedia":[{"embeddable":true,"href":"https:\/\/yurtbakisi.com\/index.php?rest_route=\/wp\/v2\/media\/8607"}],"wp:attachment":[{"href":"https:\/\/yurtbakisi.com\/index.php?rest_route=%2Fwp%2Fv2%2Fmedia&parent=8606"}],"wp:term":[{"taxonomy":"category","embeddable":true,"href":"https:\/\/yurtbakisi.com\/index.php?rest_route=%2Fwp%2Fv2%2Fcategories&post=8606"},{"taxonomy":"post_tag","embeddable":true,"href":"https:\/\/yurtbakisi.com\/index.php?rest_route=%2Fwp%2Fv2%2Ftags&post=8606"},{"taxonomy":"yb_news_series","embeddable":true,"href":"https:\/\/yurtbakisi.com\/index.php?rest_route=%2Fwp%2Fv2%2Fyb_news_series&post=8606"},{"taxonomy":"yb_language","embeddable":true,"href":"https:\/\/yurtbakisi.com\/index.php?rest_route=%2Fwp%2Fv2%2Fyb_language&post=8606"}],"curies":[{"name":"wp","href":"https:\/\/api.w.org\/{rel}","templated":true}]}}