{"id":8609,"date":"2026-09-03T13:57:32","date_gmt":"2026-09-03T10:57:32","guid":{"rendered":"https:\/\/yurtbakisi.com\/?p=8609"},"modified":"2026-09-03T13:57:40","modified_gmt":"2026-09-03T10:57:40","slug":"venezuela-gecici-devlet-baskani-rodriguez-secim-olacak-ama-ulke-hazir-oldugunda","status":"publish","type":"post","link":"https:\/\/yurtbakisi.com\/?p=8609","title":{"rendered":"Venezuela Ge\u00e7ici Devlet Ba\u015fkan\u0131 Rodriguez: Se\u00e7im olacak ama \u00fclke haz\u0131r oldu\u011funda"},"content":{"rendered":"<p>Venezuela Ge\u00e7ici Devlet Ba\u015fkan\u0131 Delcy Rodriguez, \u00fclkede gerekli \u015fartlar sa\u011fland\u0131\u011f\u0131nda se\u00e7im yap\u0131laca\u011f\u0131n\u0131 belirterek, &quot;Se\u00e7im olacak ama \u00fclke haz\u0131r oldu\u011funda&quot; dedi.<\/p>\n<p><strong>Kaynak:<\/strong> TRT Haber \u2014 <a href=\"https:\/\/www.trthaber.com\/haber\/dunya\/venezuela-gecici-devlet-baskani-rodriguez-secim-olacak-ama-ulke-hazir-oldugunda-955734.html\" target=\"_blank\" rel=\"nofollow noopener\">Haberin devam\u0131n\u0131 \u00f6zg\u00fcn kayna\u011f\u0131nda oku<\/a><\/p>\n","protected":false},"excerpt":{"rendered":"<p>Venezuela Ge\u00e7ici Devlet Ba\u015fkan\u0131 Delcy Rodriguez, \u00fclkede gerekli \u015fartlar sa\u011fland\u0131\u011f\u0131nda se\u00e7im yap\u0131laca\u011f\u0131n\u0131 belirterek, &#8220;Se\u00e7im olacak ama \u00fclke haz\u0131r oldu\u011funda&#8221; dedi.<\/p>\n","protected":false},"author":0,"featured_media":8610,"comment_status":"closed","ping_status":"closed","sticky":false,"template":"","format":"standard","meta":{"_yb_topic_hash":"664ec877ce56684927303b19770d6e8d051f0950fb1a01e4a3ea55a8096dcc60","_yb_image_repair_status":"","_yb_image_repair_last":"","_yb_image_repair_attempts":0,"_yb_source_trust_score":0,"footnotes":""},"categories":[155],"tags":[107],"yb_news_series":[],"yb_language":[],"class_list":["post-8609","post","type-post","status-publish","format-standard","has-post-thumbnail","hentry","category-dunya","tag-cemiyet"],"blocksy_meta":[],"_links":{"self":[{"href":"https:\/\/yurtbakisi.com\/index.php?rest_route=\/wp\/v2\/posts\/8609","targetHints":{"allow":["GET"]}}],"collection":[{"href":"https:\/\/yurtbakisi.com\/index.php?rest_route=\/wp\/v2\/posts"}],"about":[{"href":"https:\/\/yurtbakisi.com\/index.php?rest_route=\/wp\/v2\/types\/post"}],"replies":[{"embeddable":true,"href":"https:\/\/yurtbakisi.com\/index.php?rest_route=%2Fwp%2Fv2%2Fcomments&post=8609"}],"version-history":[{"count":1,"href":"https:\/\/yurtbakisi.com\/index.php?rest_route=\/wp\/v2\/posts\/8609\/revisions"}],"predecessor-version":[{"id":8611,"href":"https:\/\/yurtbakisi.com\/index.php?rest_route=\/wp\/v2\/posts\/8609\/revisions\/8611"}],"wp:featuredmedia":[{"embeddable":true,"href":"https:\/\/yurtbakisi.com\/index.php?rest_route=\/wp\/v2\/media\/8610"}],"wp:attachment":[{"href":"https:\/\/yurtbakisi.com\/index.php?rest_route=%2Fwp%2Fv2%2Fmedia&parent=8609"}],"wp:term":[{"taxonomy":"category","embeddable":true,"href":"https:\/\/yurtbakisi.com\/index.php?rest_route=%2Fwp%2Fv2%2Fcategories&post=8609"},{"taxonomy":"post_tag","embeddable":true,"href":"https:\/\/yurtbakisi.com\/index.php?rest_route=%2Fwp%2Fv2%2Ftags&post=8609"},{"taxonomy":"yb_news_series","embeddable":true,"href":"https:\/\/yurtbakisi.com\/index.php?rest_route=%2Fwp%2Fv2%2Fyb_news_series&post=8609"},{"taxonomy":"yb_language","embeddable":true,"href":"https:\/\/yurtbakisi.com\/index.php?rest_route=%2Fwp%2Fv2%2Fyb_language&post=8609"}],"curies":[{"name":"wp","href":"https:\/\/api.w.org\/{rel}","templated":true}]}}