{"id":8621,"date":"2026-09-03T14:01:23","date_gmt":"2026-09-03T11:01:23","guid":{"rendered":"https:\/\/yurtbakisi.com\/?p=8621"},"modified":"2026-09-03T14:01:30","modified_gmt":"2026-09-03T11:01:30","slug":"soykirimci-israil-bati-seriada-koye-saldirdi-2-filistinli-hayatini-kaybetti","status":"publish","type":"post","link":"https:\/\/yurtbakisi.com\/?p=8621","title":{"rendered":"Soyk\u0131r\u0131mc\u0131 \u0130srail Bat\u0131 \u015eeria&#039;da k\u00f6ye sald\u0131rd\u0131: 2 Filistinli hayat\u0131n\u0131 kaybetti"},"content":{"rendered":"<p>\u0130srail ordusu ile Filistin topraklar\u0131n\u0131 gasbeden \u0130sraillilerin, i\u015fgal alt\u0131ndaki Bat\u0131 \u015eeria&#039;da bir k\u00f6ye d\u00fczenledi\u011fi bask\u0131nda biri \u00e7ocuk 2 Filistinli ya\u015fam\u0131n\u0131 yitirdi.<\/p>\n<p><strong>Kaynak:<\/strong> TRT Haber \u2014 <a href=\"https:\/\/www.trthaber.com\/haber\/dunya\/soykirimci-israil-bati-seriada-koye-saldirdi-2-filistinli-hayatini-kaybetti-955732.html\" target=\"_blank\" rel=\"nofollow noopener\">Haberin devam\u0131n\u0131 \u00f6zg\u00fcn kayna\u011f\u0131nda oku<\/a><\/p>\n","protected":false},"excerpt":{"rendered":"<p>\u0130srail ordusu ile Filistin topraklar\u0131n\u0131 gasbeden \u0130sraillilerin, i\u015fgal alt\u0131ndaki Bat\u0131 \u015eeria&#8217;da bir k\u00f6ye d\u00fczenledi\u011fi bask\u0131nda biri \u00e7ocuk 2 Filistinli ya\u015fam\u0131n\u0131 yitirdi.<\/p>\n","protected":false},"author":0,"featured_media":8622,"comment_status":"closed","ping_status":"closed","sticky":false,"template":"","format":"standard","meta":{"_yb_topic_hash":"3c30ea6665df1a39f2960a083fb3eebad62cf6ab876f883d295c264fe4b2c291","_yb_image_repair_status":"","_yb_image_repair_last":"","_yb_image_repair_attempts":0,"_yb_source_trust_score":0,"footnotes":""},"categories":[155],"tags":[128],"yb_news_series":[],"yb_language":[],"class_list":["post-8621","post","type-post","status-publish","format-standard","has-post-thumbnail","hentry","category-dunya","tag-yasam"],"blocksy_meta":[],"_links":{"self":[{"href":"https:\/\/yurtbakisi.com\/index.php?rest_route=\/wp\/v2\/posts\/8621","targetHints":{"allow":["GET"]}}],"collection":[{"href":"https:\/\/yurtbakisi.com\/index.php?rest_route=\/wp\/v2\/posts"}],"about":[{"href":"https:\/\/yurtbakisi.com\/index.php?rest_route=\/wp\/v2\/types\/post"}],"replies":[{"embeddable":true,"href":"https:\/\/yurtbakisi.com\/index.php?rest_route=%2Fwp%2Fv2%2Fcomments&post=8621"}],"version-history":[{"count":1,"href":"https:\/\/yurtbakisi.com\/index.php?rest_route=\/wp\/v2\/posts\/8621\/revisions"}],"predecessor-version":[{"id":8623,"href":"https:\/\/yurtbakisi.com\/index.php?rest_route=\/wp\/v2\/posts\/8621\/revisions\/8623"}],"wp:featuredmedia":[{"embeddable":true,"href":"https:\/\/yurtbakisi.com\/index.php?rest_route=\/wp\/v2\/media\/8622"}],"wp:attachment":[{"href":"https:\/\/yurtbakisi.com\/index.php?rest_route=%2Fwp%2Fv2%2Fmedia&parent=8621"}],"wp:term":[{"taxonomy":"category","embeddable":true,"href":"https:\/\/yurtbakisi.com\/index.php?rest_route=%2Fwp%2Fv2%2Fcategories&post=8621"},{"taxonomy":"post_tag","embeddable":true,"href":"https:\/\/yurtbakisi.com\/index.php?rest_route=%2Fwp%2Fv2%2Ftags&post=8621"},{"taxonomy":"yb_news_series","embeddable":true,"href":"https:\/\/yurtbakisi.com\/index.php?rest_route=%2Fwp%2Fv2%2Fyb_news_series&post=8621"},{"taxonomy":"yb_language","embeddable":true,"href":"https:\/\/yurtbakisi.com\/index.php?rest_route=%2Fwp%2Fv2%2Fyb_language&post=8621"}],"curies":[{"name":"wp","href":"https:\/\/api.w.org\/{rel}","templated":true}]}}