{"id":8624,"date":"2026-09-03T14:01:36","date_gmt":"2026-09-03T11:01:36","guid":{"rendered":"https:\/\/yurtbakisi.com\/?p=8624"},"modified":"2026-09-03T14:01:43","modified_gmt":"2026-09-03T11:01:43","slug":"potanin-perileri-dunya-kupasinda-ilk-macina-cikiyor","status":"publish","type":"post","link":"https:\/\/yurtbakisi.com\/?p=8624","title":{"rendered":"Potan\u0131n Perileri D\u00fcnya Kupas\u0131&#039;nda ilk ma\u00e7\u0131na \u00e7\u0131k\u0131yor"},"content":{"rendered":"<p>A Milli Kad\u0131n Basketbol Tak\u0131m\u0131m\u0131z, FIBA 2026 D\u00fcnya Kupas\u0131 C Grubu ilk ma\u00e7\u0131nda yar\u0131n Bel\u00e7ika ile kar\u015f\u0131 kar\u015f\u0131ya gelecek. 18.30&#039;da ba\u015flayacak olan m\u00fcsabaka, TRT Spor&#039;dan canl\u0131 yay\u0131nlanacak.<\/p>\n<p><strong>Kaynak:<\/strong> TRT Haber \u2014 <a href=\"https:\/\/www.trthaber.com\/haber\/gundem\/potanin-perileri-dunya-kupasinda-ilk-macina-cikiyor-955742.html\" target=\"_blank\" rel=\"nofollow noopener\">Haberin devam\u0131n\u0131 \u00f6zg\u00fcn kayna\u011f\u0131nda oku<\/a><\/p>\n","protected":false},"excerpt":{"rendered":"<p>A Milli Kad\u0131n Basketbol Tak\u0131m\u0131m\u0131z, FIBA 2026 D\u00fcnya Kupas\u0131 C Grubu ilk ma\u00e7\u0131nda yar\u0131n Bel\u00e7ika ile kar\u015f\u0131 kar\u015f\u0131ya gelecek. 18.30&#8217;da ba\u015flayacak olan m\u00fcsabaka, TRT Spor&#8217;dan canl\u0131 yay\u0131nlanacak.<\/p>\n","protected":false},"author":0,"featured_media":8625,"comment_status":"closed","ping_status":"closed","sticky":false,"template":"","format":"standard","meta":{"_yb_topic_hash":"93bca86342b6519a783f4298e2165b3f67e6fe5b842c55f454b05b7b9006c975","_yb_image_repair_status":"","_yb_image_repair_last":"","_yb_image_repair_attempts":0,"_yb_source_trust_score":0,"footnotes":""},"categories":[153],"tags":[131],"yb_news_series":[],"yb_language":[],"class_list":["post-8624","post","type-post","status-publish","format-standard","has-post-thumbnail","hentry","category-gundem","tag-video"],"blocksy_meta":[],"_links":{"self":[{"href":"https:\/\/yurtbakisi.com\/index.php?rest_route=\/wp\/v2\/posts\/8624","targetHints":{"allow":["GET"]}}],"collection":[{"href":"https:\/\/yurtbakisi.com\/index.php?rest_route=\/wp\/v2\/posts"}],"about":[{"href":"https:\/\/yurtbakisi.com\/index.php?rest_route=\/wp\/v2\/types\/post"}],"replies":[{"embeddable":true,"href":"https:\/\/yurtbakisi.com\/index.php?rest_route=%2Fwp%2Fv2%2Fcomments&post=8624"}],"version-history":[{"count":1,"href":"https:\/\/yurtbakisi.com\/index.php?rest_route=\/wp\/v2\/posts\/8624\/revisions"}],"predecessor-version":[{"id":8626,"href":"https:\/\/yurtbakisi.com\/index.php?rest_route=\/wp\/v2\/posts\/8624\/revisions\/8626"}],"wp:featuredmedia":[{"embeddable":true,"href":"https:\/\/yurtbakisi.com\/index.php?rest_route=\/wp\/v2\/media\/8625"}],"wp:attachment":[{"href":"https:\/\/yurtbakisi.com\/index.php?rest_route=%2Fwp%2Fv2%2Fmedia&parent=8624"}],"wp:term":[{"taxonomy":"category","embeddable":true,"href":"https:\/\/yurtbakisi.com\/index.php?rest_route=%2Fwp%2Fv2%2Fcategories&post=8624"},{"taxonomy":"post_tag","embeddable":true,"href":"https:\/\/yurtbakisi.com\/index.php?rest_route=%2Fwp%2Fv2%2Ftags&post=8624"},{"taxonomy":"yb_news_series","embeddable":true,"href":"https:\/\/yurtbakisi.com\/index.php?rest_route=%2Fwp%2Fv2%2Fyb_news_series&post=8624"},{"taxonomy":"yb_language","embeddable":true,"href":"https:\/\/yurtbakisi.com\/index.php?rest_route=%2Fwp%2Fv2%2Fyb_language&post=8624"}],"curies":[{"name":"wp","href":"https:\/\/api.w.org\/{rel}","templated":true}]}}