{"id":8651,"date":"2026-09-03T15:58:03","date_gmt":"2026-09-03T12:58:03","guid":{"rendered":"https:\/\/yurtbakisi.com\/?p=8651"},"modified":"2026-09-03T15:58:09","modified_gmt":"2026-09-03T12:58:09","slug":"appleda-tarihi-bayrak-degisimi-tim-cook-koltugu-devretti","status":"publish","type":"post","link":"https:\/\/yurtbakisi.com\/?p=8651","title":{"rendered":"Appleda tarihi bayrak de\u011fi\u015fimi: Tim Cook koltu\u011fu devretti"},"content":{"rendered":"<p>Apple&#039;\u0131n tepe y\u00f6netiminde beklenen bayrak de\u011fi\u015fimi ger\u00e7ekle\u015fti. \u0130cra kurulu ba\u015fkanl\u0131\u011f\u0131 g\u00f6revine ge\u00e7en Tim Cook&#039;a 47 milyon dolarl\u0131k maa\u015f ve hisse paketi verilirken, \u015firketin yeni genel m\u00fcd\u00fcr\u00fc John Ternus oldu.<\/p>\n<p><strong>Kaynak:<\/strong> TRT Haber \u2014 <a href=\"https:\/\/www.trthaber.com\/haber\/dunya\/appleda-tarihi-bayrak-degisimi-tim-cook-koltugu-devretti-955726.html\" target=\"_blank\" rel=\"nofollow noopener\">Haberin devam\u0131n\u0131 \u00f6zg\u00fcn kayna\u011f\u0131nda oku<\/a><\/p>\n","protected":false},"excerpt":{"rendered":"<p>Apple&#8217;\u0131n tepe y\u00f6netiminde beklenen bayrak de\u011fi\u015fimi ger\u00e7ekle\u015fti. \u0130cra kurulu ba\u015fkanl\u0131\u011f\u0131 g\u00f6revine ge\u00e7en Tim Cook&#8217;a 47 milyon dolarl\u0131k maa\u015f ve hisse paketi verilirken, \u015firketin yeni genel m\u00fcd\u00fcr\u00fc John Ternus oldu.<\/p>\n","protected":false},"author":0,"featured_media":8652,"comment_status":"closed","ping_status":"closed","sticky":false,"template":"","format":"standard","meta":{"_yb_topic_hash":"b037f553f7c541420238b75bfb99e772dc50c529836f4394b8ebcb0867aa950a","_yb_image_repair_status":"","_yb_image_repair_last":"","_yb_image_repair_attempts":0,"_yb_source_trust_score":0,"footnotes":""},"categories":[155],"tags":[],"yb_news_series":[],"yb_language":[],"class_list":["post-8651","post","type-post","status-publish","format-standard","has-post-thumbnail","hentry","category-dunya"],"blocksy_meta":[],"_links":{"self":[{"href":"https:\/\/yurtbakisi.com\/index.php?rest_route=\/wp\/v2\/posts\/8651","targetHints":{"allow":["GET"]}}],"collection":[{"href":"https:\/\/yurtbakisi.com\/index.php?rest_route=\/wp\/v2\/posts"}],"about":[{"href":"https:\/\/yurtbakisi.com\/index.php?rest_route=\/wp\/v2\/types\/post"}],"replies":[{"embeddable":true,"href":"https:\/\/yurtbakisi.com\/index.php?rest_route=%2Fwp%2Fv2%2Fcomments&post=8651"}],"version-history":[{"count":1,"href":"https:\/\/yurtbakisi.com\/index.php?rest_route=\/wp\/v2\/posts\/8651\/revisions"}],"predecessor-version":[{"id":8653,"href":"https:\/\/yurtbakisi.com\/index.php?rest_route=\/wp\/v2\/posts\/8651\/revisions\/8653"}],"wp:featuredmedia":[{"embeddable":true,"href":"https:\/\/yurtbakisi.com\/index.php?rest_route=\/wp\/v2\/media\/8652"}],"wp:attachment":[{"href":"https:\/\/yurtbakisi.com\/index.php?rest_route=%2Fwp%2Fv2%2Fmedia&parent=8651"}],"wp:term":[{"taxonomy":"category","embeddable":true,"href":"https:\/\/yurtbakisi.com\/index.php?rest_route=%2Fwp%2Fv2%2Fcategories&post=8651"},{"taxonomy":"post_tag","embeddable":true,"href":"https:\/\/yurtbakisi.com\/index.php?rest_route=%2Fwp%2Fv2%2Ftags&post=8651"},{"taxonomy":"yb_news_series","embeddable":true,"href":"https:\/\/yurtbakisi.com\/index.php?rest_route=%2Fwp%2Fv2%2Fyb_news_series&post=8651"},{"taxonomy":"yb_language","embeddable":true,"href":"https:\/\/yurtbakisi.com\/index.php?rest_route=%2Fwp%2Fv2%2Fyb_language&post=8651"}],"curies":[{"name":"wp","href":"https:\/\/api.w.org\/{rel}","templated":true}]}}