{"id":8674,"date":"2026-09-03T19:39:00","date_gmt":"2026-09-03T16:39:00","guid":{"rendered":"https:\/\/yurtbakisi.com\/?p=8674"},"modified":"2026-09-03T19:39:00","modified_gmt":"2026-09-03T16:39:00","slug":"guller-ve-gunahlarin-yildizi-cemre-bayselin-yeni-tatil-rotasi-belli-oldu-instagram-detayi-ile-ortaya-cikti-cnnturk-com","status":"publish","type":"post","link":"https:\/\/yurtbakisi.com\/?p=8674","title":{"rendered":"G\u00fcller ve G\u00fcnahlar&#8217;\u0131n y\u0131ld\u0131z\u0131 Cemre Baysel&#8217;in yeni tatil rotas\u0131 belli oldu! Instagram detay\u0131 ile ortaya \u00e7\u0131kt\u0131 &#8211; cnnturk.com"},"content":{"rendered":"<div class=\"yb-imported-news-note\">\n<p>G\u00fcller ve G\u00fcnahlar&#039;\u0131n y\u0131ld\u0131z\u0131 Cemre Baysel&#039;in yeni tatil rotas\u0131 belli oldu! Instagram detay\u0131 ile ortaya \u00e7\u0131kt\u0131 cnnturk.com<\/p>\n<p><strong>Kaynak:<\/strong> Canl\u0131 Ak\u0131\u015f \u2014 Magazin \u2014 Ayr\u0131nt\u0131lar ve tam i\u00e7erik i\u00e7in <a href=\"https:\/\/news.google.com\/rss\/articles\/CBMi6AFBVV95cUxQc1hiTkhCVDRuSUVzQnVZd2EzMGh2aE9ITGNMeUZiR0hNdnl2eE51M3RnclFUN1VQX0xRR2xHMlMyQjN5MW9ORmV6WWhrWXRkR28wVklpY1BRdW1zUmN6by1uREFKR1lYWXdWVmV3TmVtQnA2VDZzZzRfTWRxZ1c0S3N2Z2JDZXRpQUJHWXNYdElQQWJ1YUVHaDRxbEQ3LTRRazNkdkZMdnNKTHI1a0daeXgxcnM4bnNoR1dzQndLM29nR1F1N21jUzBXbHI3eXlrWkxMV1BJR1lPQnQ2bHRxdXd4aUVQTlZS?oc=5\" target=\"_blank\" rel=\"nofollow noopener noreferrer\">\u00f6zg\u00fcn haberi a\u00e7\u0131n<\/a>.<\/p>\n<p><small>Bu kay\u0131t RSS haber havuzuna k\u0131sa kaynak \u00f6zeti olarak al\u0131nm\u0131\u015ft\u0131r; \u00f6zg\u00fcn metnin tamam\u0131 kopyalanmam\u0131\u015ft\u0131r.<\/small><\/p>\n<\/div>\n","protected":false},"excerpt":{"rendered":"<p>G\u00fcller ve G\u00fcnahlar&#8217;\u0131n y\u0131ld\u0131z\u0131 Cemre Baysel&#8217;in yeni tatil rotas\u0131 belli oldu! Instagram detay\u0131 ile ortaya \u00e7\u0131kt\u0131 cnnturk.com<\/p>\n","protected":false},"author":1,"featured_media":0,"comment_status":"closed","ping_status":"closed","sticky":false,"template":"","format":"standard","meta":{"_yb_topic_hash":"f37251a295305a935b1943636ce706e025fe9167bd9c6e94a2d46cd1077c52f1","_yb_image_repair_status":"failed","_yb_image_repair_last":"2026-09-03 20:55:58","_yb_image_repair_attempts":1,"_yb_source_trust_score":93,"footnotes":""},"categories":[66,27,25,85,78,15,8,75,3,11],"tags":[108,114,117],"yb_news_series":[],"yb_language":[],"class_list":["post-8674","post","type-post","status-publish","format-standard","has-post-thumbnail","hentry","category-cemiyet-sosyal","category-dizi-haberleri","category-diziler","category-gezi","category-kultur-yasam","category-magazin","category-sosyal-medya","category-sosyal-medya-trendleri","category-tv-dizi","category-yasam","tag-canli-akis-magazin","tag-dizi","tag-sosyal-medya"],"blocksy_meta":[],"_links":{"self":[{"href":"https:\/\/yurtbakisi.com\/index.php?rest_route=\/wp\/v2\/posts\/8674","targetHints":{"allow":["GET"]}}],"collection":[{"href":"https:\/\/yurtbakisi.com\/index.php?rest_route=\/wp\/v2\/posts"}],"about":[{"href":"https:\/\/yurtbakisi.com\/index.php?rest_route=\/wp\/v2\/types\/post"}],"author":[{"embeddable":true,"href":"https:\/\/yurtbakisi.com\/index.php?rest_route=\/wp\/v2\/users\/1"}],"replies":[{"embeddable":true,"href":"https:\/\/yurtbakisi.com\/index.php?rest_route=%2Fwp%2Fv2%2Fcomments&post=8674"}],"version-history":[{"count":0,"href":"https:\/\/yurtbakisi.com\/index.php?rest_route=\/wp\/v2\/posts\/8674\/revisions"}],"wp:attachment":[{"href":"https:\/\/yurtbakisi.com\/index.php?rest_route=%2Fwp%2Fv2%2Fmedia&parent=8674"}],"wp:term":[{"taxonomy":"category","embeddable":true,"href":"https:\/\/yurtbakisi.com\/index.php?rest_route=%2Fwp%2Fv2%2Fcategories&post=8674"},{"taxonomy":"post_tag","embeddable":true,"href":"https:\/\/yurtbakisi.com\/index.php?rest_route=%2Fwp%2Fv2%2Ftags&post=8674"},{"taxonomy":"yb_news_series","embeddable":true,"href":"https:\/\/yurtbakisi.com\/index.php?rest_route=%2Fwp%2Fv2%2Fyb_news_series&post=8674"},{"taxonomy":"yb_language","embeddable":true,"href":"https:\/\/yurtbakisi.com\/index.php?rest_route=%2Fwp%2Fv2%2Fyb_language&post=8674"}],"curies":[{"name":"wp","href":"https:\/\/api.w.org\/{rel}","templated":true}]}}