{"id":8706,"date":"2026-09-04T00:02:18","date_gmt":"2026-09-03T21:02:18","guid":{"rendered":"https:\/\/yurtbakisi.com\/?p=8706"},"modified":"2026-09-04T00:02:26","modified_gmt":"2026-09-03T21:02:26","slug":"alsu-gemisinin-kaptani-ve-3-kaptani-tutuklandi","status":"publish","type":"post","link":"https:\/\/yurtbakisi.com\/?p=8706","title":{"rendered":"ALSU gemisinin kaptan\u0131 ve 3. kaptan\u0131 tutukland\u0131"},"content":{"rendered":"<p>\u0130stanbul Silivri a\u00e7\u0131klar\u0131nda iki T\u00fcrk bayrakl\u0131 ticari geminin \u00e7arp\u0131\u015ft\u0131\u011f\u0131 kazaya ili\u015fkin Alsu gemisinde g\u00f6zalt\u0131na al\u0131nan 6 \u015f\u00fcpheliden 2&#039;si tutuklama talebiyle sulh ceza hakimli\u011fine sevk edildi. ALSU gemisinin kaptan\u0131 ve 3. kaptan\u0131 tutukland\u0131.<\/p>\n<p><strong>Kaynak:<\/strong> TRT Haber \u2014 <a href=\"https:\/\/www.trthaber.com\/haber\/turkiye\/alsu-gemisinin-kaptani-ve-3-kaptani-tutuklandi-955827.html\" target=\"_blank\" rel=\"nofollow noopener\">Haberin devam\u0131n\u0131 \u00f6zg\u00fcn kayna\u011f\u0131nda oku<\/a><\/p>\n","protected":false},"excerpt":{"rendered":"<p>\u0130stanbul Silivri a\u00e7\u0131klar\u0131nda iki T\u00fcrk bayrakl\u0131 ticari geminin \u00e7arp\u0131\u015ft\u0131\u011f\u0131 kazaya ili\u015fkin Alsu gemisinde g\u00f6zalt\u0131na al\u0131nan 6 \u015f\u00fcpheliden 2&#8217;si tutuklama talebiyle sulh ceza hakimli\u011fine sevk edildi. ALSU gemisinin kaptan\u0131 ve 3. kaptan\u0131 tutukland\u0131.<\/p>\n","protected":false},"author":0,"featured_media":8707,"comment_status":"closed","ping_status":"closed","sticky":false,"template":"","format":"standard","meta":{"_yb_topic_hash":"bef64de2fd2b1560a5e9571b99585a16daff0380ad0d7c758ef4fd70d3bd8828","_yb_image_repair_status":"","_yb_image_repair_last":"","_yb_image_repair_attempts":0,"_yb_source_trust_score":0,"footnotes":""},"categories":[154],"tags":[],"yb_news_series":[],"yb_language":[],"class_list":["post-8706","post","type-post","status-publish","format-standard","has-post-thumbnail","hentry","category-turkiye"],"blocksy_meta":[],"_links":{"self":[{"href":"https:\/\/yurtbakisi.com\/index.php?rest_route=\/wp\/v2\/posts\/8706","targetHints":{"allow":["GET"]}}],"collection":[{"href":"https:\/\/yurtbakisi.com\/index.php?rest_route=\/wp\/v2\/posts"}],"about":[{"href":"https:\/\/yurtbakisi.com\/index.php?rest_route=\/wp\/v2\/types\/post"}],"replies":[{"embeddable":true,"href":"https:\/\/yurtbakisi.com\/index.php?rest_route=%2Fwp%2Fv2%2Fcomments&post=8706"}],"version-history":[{"count":1,"href":"https:\/\/yurtbakisi.com\/index.php?rest_route=\/wp\/v2\/posts\/8706\/revisions"}],"predecessor-version":[{"id":8708,"href":"https:\/\/yurtbakisi.com\/index.php?rest_route=\/wp\/v2\/posts\/8706\/revisions\/8708"}],"wp:featuredmedia":[{"embeddable":true,"href":"https:\/\/yurtbakisi.com\/index.php?rest_route=\/wp\/v2\/media\/8707"}],"wp:attachment":[{"href":"https:\/\/yurtbakisi.com\/index.php?rest_route=%2Fwp%2Fv2%2Fmedia&parent=8706"}],"wp:term":[{"taxonomy":"category","embeddable":true,"href":"https:\/\/yurtbakisi.com\/index.php?rest_route=%2Fwp%2Fv2%2Fcategories&post=8706"},{"taxonomy":"post_tag","embeddable":true,"href":"https:\/\/yurtbakisi.com\/index.php?rest_route=%2Fwp%2Fv2%2Ftags&post=8706"},{"taxonomy":"yb_news_series","embeddable":true,"href":"https:\/\/yurtbakisi.com\/index.php?rest_route=%2Fwp%2Fv2%2Fyb_news_series&post=8706"},{"taxonomy":"yb_language","embeddable":true,"href":"https:\/\/yurtbakisi.com\/index.php?rest_route=%2Fwp%2Fv2%2Fyb_language&post=8706"}],"curies":[{"name":"wp","href":"https:\/\/api.w.org\/{rel}","templated":true}]}}