{"id":8715,"date":"2026-09-04T00:02:59","date_gmt":"2026-09-03T21:02:59","guid":{"rendered":"https:\/\/yurtbakisi.com\/?p=8715"},"modified":"2026-09-04T00:03:08","modified_gmt":"2026-09-03T21:03:08","slug":"istanbulda-deas-operasyonu-saldiri-hazirligindaki-terorist-etkisiz-hale-getirildi","status":"publish","type":"post","link":"https:\/\/yurtbakisi.com\/?p=8715","title":{"rendered":"\u0130stanbul&#039;da DEA\u015e operasyonu: Sald\u0131r\u0131 haz\u0131rl\u0131\u011f\u0131ndaki ter\u00f6rist etkisiz hale getirildi"},"content":{"rendered":"<p>\u0130stanbul&#039;da DEA\u015e ter\u00f6r \u00f6rg\u00fct\u00fcyle ba\u011flant\u0131l\u0131 oldu\u011fu ve T\u00fcrkiye&#039;de ter\u00f6r sald\u0131r\u0131s\u0131 planlad\u0131\u011f\u0131 de\u011ferlendirilen 21 ya\u015f\u0131ndaki Berkan \u00c7., Sultanbeyli&#039;de d\u00fczenlenen operasyon s\u0131ras\u0131nda polise ate\u015f a\u00e7t\u0131. Kar\u015f\u0131l\u0131k verilmesi \u00fczerine \u015f\u00fcpheli etkisiz hale getirilirken, 1 vatanda\u015f yaraland\u0131.<\/p>\n<p><strong>Kaynak:<\/strong> TRT Haber \u2014 <a href=\"https:\/\/www.trthaber.com\/haber\/gundem\/istanbulda-deas-operasyonu-saldiri-hazirligindaki-terorist-etkisiz-hale-getirildi-955832.html\" target=\"_blank\" rel=\"nofollow noopener\">Haberin devam\u0131n\u0131 \u00f6zg\u00fcn kayna\u011f\u0131nda oku<\/a><\/p>\n","protected":false},"excerpt":{"rendered":"<p>\u0130stanbul&#8217;da DEA\u015e ter\u00f6r \u00f6rg\u00fct\u00fcyle ba\u011flant\u0131l\u0131 oldu\u011fu ve T\u00fcrkiye&#8217;de ter\u00f6r sald\u0131r\u0131s\u0131 planlad\u0131\u011f\u0131 de\u011ferlendirilen 21 ya\u015f\u0131ndaki Berkan \u00c7., Sultanbeyli&#8217;de d\u00fczenlenen operasyon s\u0131ras\u0131nda polise ate\u015f a\u00e7t\u0131. Kar\u015f\u0131l\u0131k verilmesi \u00fczerine \u015f\u00fcpheli etkisiz hale getirilirken, 1 vatanda\u015f yaraland\u0131.<\/p>\n","protected":false},"author":0,"featured_media":8716,"comment_status":"closed","ping_status":"closed","sticky":false,"template":"","format":"standard","meta":{"_yb_topic_hash":"8e68b39c07104dad2318c81182de4b0e5917667e6399bd26fcb5d36c63d99c29","_yb_image_repair_status":"","_yb_image_repair_last":"","_yb_image_repair_attempts":0,"_yb_source_trust_score":0,"footnotes":""},"categories":[153],"tags":[111],"yb_news_series":[],"yb_language":[],"class_list":["post-8715","post","type-post","status-publish","format-standard","has-post-thumbnail","hentry","category-gundem","tag-kultur-sanat"],"blocksy_meta":[],"_links":{"self":[{"href":"https:\/\/yurtbakisi.com\/index.php?rest_route=\/wp\/v2\/posts\/8715","targetHints":{"allow":["GET"]}}],"collection":[{"href":"https:\/\/yurtbakisi.com\/index.php?rest_route=\/wp\/v2\/posts"}],"about":[{"href":"https:\/\/yurtbakisi.com\/index.php?rest_route=\/wp\/v2\/types\/post"}],"replies":[{"embeddable":true,"href":"https:\/\/yurtbakisi.com\/index.php?rest_route=%2Fwp%2Fv2%2Fcomments&post=8715"}],"version-history":[{"count":1,"href":"https:\/\/yurtbakisi.com\/index.php?rest_route=\/wp\/v2\/posts\/8715\/revisions"}],"predecessor-version":[{"id":8717,"href":"https:\/\/yurtbakisi.com\/index.php?rest_route=\/wp\/v2\/posts\/8715\/revisions\/8717"}],"wp:featuredmedia":[{"embeddable":true,"href":"https:\/\/yurtbakisi.com\/index.php?rest_route=\/wp\/v2\/media\/8716"}],"wp:attachment":[{"href":"https:\/\/yurtbakisi.com\/index.php?rest_route=%2Fwp%2Fv2%2Fmedia&parent=8715"}],"wp:term":[{"taxonomy":"category","embeddable":true,"href":"https:\/\/yurtbakisi.com\/index.php?rest_route=%2Fwp%2Fv2%2Fcategories&post=8715"},{"taxonomy":"post_tag","embeddable":true,"href":"https:\/\/yurtbakisi.com\/index.php?rest_route=%2Fwp%2Fv2%2Ftags&post=8715"},{"taxonomy":"yb_news_series","embeddable":true,"href":"https:\/\/yurtbakisi.com\/index.php?rest_route=%2Fwp%2Fv2%2Fyb_news_series&post=8715"},{"taxonomy":"yb_language","embeddable":true,"href":"https:\/\/yurtbakisi.com\/index.php?rest_route=%2Fwp%2Fv2%2Fyb_language&post=8715"}],"curies":[{"name":"wp","href":"https:\/\/api.w.org\/{rel}","templated":true}]}}