{"id":8722,"date":"2026-08-31T12:50:00","date_gmt":"2026-08-31T09:50:00","guid":{"rendered":"https:\/\/yurtbakisi.com\/?p=8722"},"modified":"2026-08-31T12:50:00","modified_gmt":"2026-08-31T09:50:00","slug":"kultur-ve-dusunce-dunyasinin-onemli-ismi-metin-eris-vefat-etti-karar-com","status":"publish","type":"post","link":"https:\/\/yurtbakisi.com\/?p=8722","title":{"rendered":"K\u00fclt\u00fcr ve d\u00fc\u015f\u00fcnce d\u00fcnyas\u0131n\u0131n \u00f6nemli ismi Metin Eri\u015f vefat etti &#8211; karar.com"},"content":{"rendered":"<div class=\"yb-imported-news-note\">\n<p>K\u00fclt\u00fcr ve d\u00fc\u015f\u00fcnce d\u00fcnyas\u0131n\u0131n \u00f6nemli ismi Metin Eri\u015f vefat etti karar.com<\/p>\n<p><strong>Kaynak:<\/strong> Canl\u0131 Ak\u0131\u015f \u2014 K\u00fclt\u00fcr Sanat \u2014 Ayr\u0131nt\u0131lar ve tam i\u00e7erik i\u00e7in <a href=\"https:\/\/news.google.com\/rss\/articles\/CBMitgFBVV95cUxON1pZbmY5V1Y5cjdUa3htT05icXJVd2FtdWZid1ExSlYzeDlCZV9PZTFfWWRvNU9fQzlnNzIzdm5xZ0pZWGVkNGd1aldZYXVqY2R6eG1uODJzYUpZTUFucDFocUVRdVdlVUNhUVBlZ19ob1I0V1p0RUZiSF9nanE0OUs0ZlFYeXJ6SnVPelVzVW5MR3NWaGhPM1JvOW91eU1Pb1RZRVF5cGZjTUVjNzhoMFZMam5jUQ?oc=5\" target=\"_blank\" rel=\"nofollow noopener noreferrer\">\u00f6zg\u00fcn haberi a\u00e7\u0131n<\/a>.<\/p>\n<p><small>Bu kay\u0131t RSS haber havuzuna k\u0131sa kaynak \u00f6zeti olarak al\u0131nm\u0131\u015ft\u0131r; \u00f6zg\u00fcn metnin tamam\u0131 kopyalanmam\u0131\u015ft\u0131r.<\/small><\/p>\n<\/div>\n","protected":false},"excerpt":{"rendered":"<p>K\u00fclt\u00fcr ve d\u00fc\u015f\u00fcnce d\u00fcnyas\u0131n\u0131n \u00f6nemli ismi Metin Eri\u015f vefat etti karar.com<\/p>\n","protected":false},"author":1,"featured_media":0,"comment_status":"closed","ping_status":"closed","sticky":false,"template":"","format":"standard","meta":{"_yb_topic_hash":"1e9660ea90024e8e0fadd3dcafc35ebe6b8d8c56c897fdcf6d5aa2c30d6ba6aa","_yb_image_repair_status":"","_yb_image_repair_last":"","_yb_image_repair_attempts":0,"_yb_source_trust_score":93,"footnotes":""},"categories":[10],"tags":[119,111],"yb_news_series":[],"yb_language":[],"class_list":["post-8722","post","type-post","status-publish","format-standard","has-post-thumbnail","hentry","category-kultur-sanat","tag-canli-akis-kultur-sanat","tag-kultur-sanat"],"blocksy_meta":[],"_links":{"self":[{"href":"https:\/\/yurtbakisi.com\/index.php?rest_route=\/wp\/v2\/posts\/8722","targetHints":{"allow":["GET"]}}],"collection":[{"href":"https:\/\/yurtbakisi.com\/index.php?rest_route=\/wp\/v2\/posts"}],"about":[{"href":"https:\/\/yurtbakisi.com\/index.php?rest_route=\/wp\/v2\/types\/post"}],"author":[{"embeddable":true,"href":"https:\/\/yurtbakisi.com\/index.php?rest_route=\/wp\/v2\/users\/1"}],"replies":[{"embeddable":true,"href":"https:\/\/yurtbakisi.com\/index.php?rest_route=%2Fwp%2Fv2%2Fcomments&post=8722"}],"version-history":[{"count":0,"href":"https:\/\/yurtbakisi.com\/index.php?rest_route=\/wp\/v2\/posts\/8722\/revisions"}],"wp:attachment":[{"href":"https:\/\/yurtbakisi.com\/index.php?rest_route=%2Fwp%2Fv2%2Fmedia&parent=8722"}],"wp:term":[{"taxonomy":"category","embeddable":true,"href":"https:\/\/yurtbakisi.com\/index.php?rest_route=%2Fwp%2Fv2%2Fcategories&post=8722"},{"taxonomy":"post_tag","embeddable":true,"href":"https:\/\/yurtbakisi.com\/index.php?rest_route=%2Fwp%2Fv2%2Ftags&post=8722"},{"taxonomy":"yb_news_series","embeddable":true,"href":"https:\/\/yurtbakisi.com\/index.php?rest_route=%2Fwp%2Fv2%2Fyb_news_series&post=8722"},{"taxonomy":"yb_language","embeddable":true,"href":"https:\/\/yurtbakisi.com\/index.php?rest_route=%2Fwp%2Fv2%2Fyb_language&post=8722"}],"curies":[{"name":"wp","href":"https:\/\/api.w.org\/{rel}","templated":true}]}}