{"id":8725,"date":"2026-09-04T00:56:41","date_gmt":"2026-09-03T21:56:41","guid":{"rendered":"https:\/\/yurtbakisi.com\/?p=8725"},"modified":"2026-09-04T00:56:46","modified_gmt":"2026-09-03T21:56:46","slug":"girnede-alabora-olan-gemiden-kurtulan-gencler-korku-dolu-anlari-anlatti","status":"publish","type":"post","link":"https:\/\/yurtbakisi.com\/?p=8725","title":{"rendered":"Girne&#039;de alabora olan gemiden kurtulan gen\u00e7ler korku dolu anlar\u0131 anlatt\u0131"},"content":{"rendered":"<p>KKTC&#039;nin Girne Liman\u0131 a\u00e7\u0131klar\u0131nda alabora olan yolcu gemisinden kurtulan 3 gen\u00e7, geminin k\u0131sa s\u00fcrede suyla doldu\u011funu, can yeleklerinin eksik oldu\u011funu ve camlar\u0131 k\u0131rarak d\u0131\u015far\u0131 \u00e7\u0131kt\u0131klar\u0131n\u0131 anlatt\u0131.<\/p>\n<p><strong>Kaynak:<\/strong> TRT Haber \u2014 <a href=\"https:\/\/www.trthaber.com\/haber\/gundem\/girnede-alabora-olan-gemiden-kurtulan-gencler-korku-dolu-anlari-anlatti-955831.html\" target=\"_blank\" rel=\"nofollow noopener\">Haberin devam\u0131n\u0131 \u00f6zg\u00fcn kayna\u011f\u0131nda oku<\/a><\/p>\n","protected":false},"excerpt":{"rendered":"<p>KKTC&#8217;nin Girne Liman\u0131 a\u00e7\u0131klar\u0131nda alabora olan yolcu gemisinden kurtulan 3 gen\u00e7, geminin k\u0131sa s\u00fcrede suyla doldu\u011funu, can yeleklerinin eksik oldu\u011funu ve camlar\u0131 k\u0131rarak d\u0131\u015far\u0131 \u00e7\u0131kt\u0131klar\u0131n\u0131 anlatt\u0131.<\/p>\n","protected":false},"author":0,"featured_media":8726,"comment_status":"closed","ping_status":"closed","sticky":false,"template":"","format":"standard","meta":{"_yb_topic_hash":"1f63a3158b0f82213f5a9ff54deb63017f330e14ae3a356e2e4beafea87dee4d","_yb_image_repair_status":"","_yb_image_repair_last":"","_yb_image_repair_attempts":0,"_yb_source_trust_score":0,"footnotes":""},"categories":[153],"tags":[107],"yb_news_series":[],"yb_language":[],"class_list":["post-8725","post","type-post","status-publish","format-standard","has-post-thumbnail","hentry","category-gundem","tag-cemiyet"],"blocksy_meta":[],"_links":{"self":[{"href":"https:\/\/yurtbakisi.com\/index.php?rest_route=\/wp\/v2\/posts\/8725","targetHints":{"allow":["GET"]}}],"collection":[{"href":"https:\/\/yurtbakisi.com\/index.php?rest_route=\/wp\/v2\/posts"}],"about":[{"href":"https:\/\/yurtbakisi.com\/index.php?rest_route=\/wp\/v2\/types\/post"}],"replies":[{"embeddable":true,"href":"https:\/\/yurtbakisi.com\/index.php?rest_route=%2Fwp%2Fv2%2Fcomments&post=8725"}],"version-history":[{"count":1,"href":"https:\/\/yurtbakisi.com\/index.php?rest_route=\/wp\/v2\/posts\/8725\/revisions"}],"predecessor-version":[{"id":8727,"href":"https:\/\/yurtbakisi.com\/index.php?rest_route=\/wp\/v2\/posts\/8725\/revisions\/8727"}],"wp:featuredmedia":[{"embeddable":true,"href":"https:\/\/yurtbakisi.com\/index.php?rest_route=\/wp\/v2\/media\/8726"}],"wp:attachment":[{"href":"https:\/\/yurtbakisi.com\/index.php?rest_route=%2Fwp%2Fv2%2Fmedia&parent=8725"}],"wp:term":[{"taxonomy":"category","embeddable":true,"href":"https:\/\/yurtbakisi.com\/index.php?rest_route=%2Fwp%2Fv2%2Fcategories&post=8725"},{"taxonomy":"post_tag","embeddable":true,"href":"https:\/\/yurtbakisi.com\/index.php?rest_route=%2Fwp%2Fv2%2Ftags&post=8725"},{"taxonomy":"yb_news_series","embeddable":true,"href":"https:\/\/yurtbakisi.com\/index.php?rest_route=%2Fwp%2Fv2%2Fyb_news_series&post=8725"},{"taxonomy":"yb_language","embeddable":true,"href":"https:\/\/yurtbakisi.com\/index.php?rest_route=%2Fwp%2Fv2%2Fyb_language&post=8725"}],"curies":[{"name":"wp","href":"https:\/\/api.w.org\/{rel}","templated":true}]}}