{"id":8746,"date":"2026-09-04T01:04:49","date_gmt":"2026-09-03T22:04:49","guid":{"rendered":"https:\/\/yurtbakisi.com\/?p=8746"},"modified":"2026-09-04T01:04:56","modified_gmt":"2026-09-03T22:04:56","slug":"silivrideki-gemi-kazasinda-uyuyan-kaptan-ve-hayalet-gemi-bilirkisi-raporunda","status":"publish","type":"post","link":"https:\/\/yurtbakisi.com\/?p=8746","title":{"rendered":"Silivri&#039;deki gemi kazas\u0131nda uyuyan kaptan ve hayalet gemi bilirki\u015fi raporunda"},"content":{"rendered":"<p>Silivri Cumhuriyet Ba\u015fsavc\u0131l\u0131\u011f\u0131 taraf\u0131ndan y\u00fcr\u00fct\u00fclen soru\u015fturma kapsam\u0131nda haz\u0131rlanan bilirki\u015fi \u00f6n raporunda, &quot;Tu\u011fberk \u0130mamo\u011flu&quot; gemisinin batmas\u0131 ve 10 personelin kaybolmas\u0131yla sonu\u00e7lanan deniz kazas\u0131n\u0131n asli k\u00f6k nedeninin, &quot;Alsu&quot; gemisindeki k\u00f6pr\u00fc\u00fcst\u00fc disiplinsizli\u011fi ve y\u00f6netim zafiyeti oldu\u011fu belirtildi.<\/p>\n<p><strong>Kaynak:<\/strong> TRT Haber \u2014 <a href=\"https:\/\/www.trthaber.com\/haber\/gundem\/silivrideki-gemi-kazasinda-uyuyan-kaptan-ve-hayalet-gemi-bilirkisi-raporunda-955802.html\" target=\"_blank\" rel=\"nofollow noopener\">Haberin devam\u0131n\u0131 \u00f6zg\u00fcn kayna\u011f\u0131nda oku<\/a><\/p>\n","protected":false},"excerpt":{"rendered":"<p>Silivri Cumhuriyet Ba\u015fsavc\u0131l\u0131\u011f\u0131 taraf\u0131ndan y\u00fcr\u00fct\u00fclen soru\u015fturma kapsam\u0131nda haz\u0131rlanan bilirki\u015fi \u00f6n raporunda, &#8220;Tu\u011fberk \u0130mamo\u011flu&#8221; gemisinin batmas\u0131 ve 10 personelin kaybolmas\u0131yla sonu\u00e7lanan deniz kazas\u0131n\u0131n asli k\u00f6k nedeninin, &#8220;Alsu&#8221; gemisindeki k\u00f6pr\u00fc\u00fcst\u00fc disiplinsizli\u011fi ve y\u00f6netim zafiyeti oldu\u011fu belirtildi.<\/p>\n","protected":false},"author":0,"featured_media":8747,"comment_status":"closed","ping_status":"closed","sticky":false,"template":"","format":"standard","meta":{"_yb_topic_hash":"42f4ddd5c6594ba58f99abcc1a91b49c68785164a649fb78c39c4c77de82e0d6","_yb_image_repair_status":"","_yb_image_repair_last":"","_yb_image_repair_attempts":0,"_yb_source_trust_score":0,"footnotes":""},"categories":[153],"tags":[],"yb_news_series":[],"yb_language":[],"class_list":["post-8746","post","type-post","status-publish","format-standard","has-post-thumbnail","hentry","category-gundem"],"blocksy_meta":[],"_links":{"self":[{"href":"https:\/\/yurtbakisi.com\/index.php?rest_route=\/wp\/v2\/posts\/8746","targetHints":{"allow":["GET"]}}],"collection":[{"href":"https:\/\/yurtbakisi.com\/index.php?rest_route=\/wp\/v2\/posts"}],"about":[{"href":"https:\/\/yurtbakisi.com\/index.php?rest_route=\/wp\/v2\/types\/post"}],"replies":[{"embeddable":true,"href":"https:\/\/yurtbakisi.com\/index.php?rest_route=%2Fwp%2Fv2%2Fcomments&post=8746"}],"version-history":[{"count":1,"href":"https:\/\/yurtbakisi.com\/index.php?rest_route=\/wp\/v2\/posts\/8746\/revisions"}],"predecessor-version":[{"id":8748,"href":"https:\/\/yurtbakisi.com\/index.php?rest_route=\/wp\/v2\/posts\/8746\/revisions\/8748"}],"wp:featuredmedia":[{"embeddable":true,"href":"https:\/\/yurtbakisi.com\/index.php?rest_route=\/wp\/v2\/media\/8747"}],"wp:attachment":[{"href":"https:\/\/yurtbakisi.com\/index.php?rest_route=%2Fwp%2Fv2%2Fmedia&parent=8746"}],"wp:term":[{"taxonomy":"category","embeddable":true,"href":"https:\/\/yurtbakisi.com\/index.php?rest_route=%2Fwp%2Fv2%2Fcategories&post=8746"},{"taxonomy":"post_tag","embeddable":true,"href":"https:\/\/yurtbakisi.com\/index.php?rest_route=%2Fwp%2Fv2%2Ftags&post=8746"},{"taxonomy":"yb_news_series","embeddable":true,"href":"https:\/\/yurtbakisi.com\/index.php?rest_route=%2Fwp%2Fv2%2Fyb_news_series&post=8746"},{"taxonomy":"yb_language","embeddable":true,"href":"https:\/\/yurtbakisi.com\/index.php?rest_route=%2Fwp%2Fv2%2Fyb_language&post=8746"}],"curies":[{"name":"wp","href":"https:\/\/api.w.org\/{rel}","templated":true}]}}