{"id":8758,"date":"2026-09-04T02:00:26","date_gmt":"2026-09-03T23:00:26","guid":{"rendered":"https:\/\/yurtbakisi.com\/?p=8758"},"modified":"2026-09-04T02:00:28","modified_gmt":"2026-09-03T23:00:28","slug":"sariyerde-yangin-catida-mahsur-kalan-8-kisi-kurtarildi","status":"publish","type":"post","link":"https:\/\/yurtbakisi.com\/?p=8758","title":{"rendered":"Sar\u0131yer&#039;de yang\u0131n: \u00c7at\u0131da mahsur kalan 8 ki\u015fi kurtar\u0131ld\u0131"},"content":{"rendered":"<p>\u0130stanbul Sar\u0131yer&#039;de bir binan\u0131n zemin kat\u0131ndaki dairede \u00e7\u0131kan yang\u0131n dolay\u0131s\u0131yla \u00e7\u0131kt\u0131klar\u0131 \u00e7at\u0131da mahsur kalan 8 ki\u015fi itfaiye ekiplerince kurtar\u0131ld\u0131.<\/p>\n<p><strong>Kaynak:<\/strong> TRT Haber \u2014 <a href=\"https:\/\/www.trthaber.com\/haber\/turkiye\/sariyerde-yangin-catida-mahsur-kalan-8-kisi-kurtarildi-955800.html\" target=\"_blank\" rel=\"nofollow noopener\">Haberin devam\u0131n\u0131 \u00f6zg\u00fcn kayna\u011f\u0131nda oku<\/a><\/p>\n","protected":false},"excerpt":{"rendered":"<p>\u0130stanbul Sar\u0131yer&#8217;de bir binan\u0131n zemin kat\u0131ndaki dairede \u00e7\u0131kan yang\u0131n dolay\u0131s\u0131yla \u00e7\u0131kt\u0131klar\u0131 \u00e7at\u0131da mahsur kalan 8 ki\u015fi itfaiye ekiplerince kurtar\u0131ld\u0131.<\/p>\n","protected":false},"author":0,"featured_media":8759,"comment_status":"closed","ping_status":"closed","sticky":false,"template":"","format":"standard","meta":{"_yb_topic_hash":"f2bee04871d84fa17fdae33a32747815cddda548705d35484c46fbbd813736ab","_yb_image_repair_status":"","_yb_image_repair_last":"","_yb_image_repair_attempts":0,"_yb_source_trust_score":0,"footnotes":""},"categories":[154],"tags":[],"yb_news_series":[],"yb_language":[],"class_list":["post-8758","post","type-post","status-publish","format-standard","has-post-thumbnail","hentry","category-turkiye"],"blocksy_meta":[],"_links":{"self":[{"href":"https:\/\/yurtbakisi.com\/index.php?rest_route=\/wp\/v2\/posts\/8758","targetHints":{"allow":["GET"]}}],"collection":[{"href":"https:\/\/yurtbakisi.com\/index.php?rest_route=\/wp\/v2\/posts"}],"about":[{"href":"https:\/\/yurtbakisi.com\/index.php?rest_route=\/wp\/v2\/types\/post"}],"replies":[{"embeddable":true,"href":"https:\/\/yurtbakisi.com\/index.php?rest_route=%2Fwp%2Fv2%2Fcomments&post=8758"}],"version-history":[{"count":1,"href":"https:\/\/yurtbakisi.com\/index.php?rest_route=\/wp\/v2\/posts\/8758\/revisions"}],"predecessor-version":[{"id":8760,"href":"https:\/\/yurtbakisi.com\/index.php?rest_route=\/wp\/v2\/posts\/8758\/revisions\/8760"}],"wp:featuredmedia":[{"embeddable":true,"href":"https:\/\/yurtbakisi.com\/index.php?rest_route=\/wp\/v2\/media\/8759"}],"wp:attachment":[{"href":"https:\/\/yurtbakisi.com\/index.php?rest_route=%2Fwp%2Fv2%2Fmedia&parent=8758"}],"wp:term":[{"taxonomy":"category","embeddable":true,"href":"https:\/\/yurtbakisi.com\/index.php?rest_route=%2Fwp%2Fv2%2Fcategories&post=8758"},{"taxonomy":"post_tag","embeddable":true,"href":"https:\/\/yurtbakisi.com\/index.php?rest_route=%2Fwp%2Fv2%2Ftags&post=8758"},{"taxonomy":"yb_news_series","embeddable":true,"href":"https:\/\/yurtbakisi.com\/index.php?rest_route=%2Fwp%2Fv2%2Fyb_news_series&post=8758"},{"taxonomy":"yb_language","embeddable":true,"href":"https:\/\/yurtbakisi.com\/index.php?rest_route=%2Fwp%2Fv2%2Fyb_language&post=8758"}],"curies":[{"name":"wp","href":"https:\/\/api.w.org\/{rel}","templated":true}]}}