{"id":8761,"date":"2026-09-04T02:00:30","date_gmt":"2026-09-03T23:00:30","guid":{"rendered":"https:\/\/yurtbakisi.com\/?p=8761"},"modified":"2026-09-04T02:00:35","modified_gmt":"2026-09-03T23:00:35","slug":"fransa-hava-durumu-kayitlarinin-tutulmaya-baslandigi-1900den-bu-yana-en-sicak-yazini-gecirdi","status":"publish","type":"post","link":"https:\/\/yurtbakisi.com\/?p=8761","title":{"rendered":"Fransa, hava durumu kay\u0131tlar\u0131n\u0131n tutulmaya ba\u015fland\u0131\u011f\u0131 1900&#039;den bu yana en s\u0131cak yaz\u0131n\u0131 ge\u00e7irdi"},"content":{"rendered":"<p>Fransa Ekolojik D\u00f6n\u00fc\u015f\u00fcm Bakan\u0131 Monique Barbut, \u00fclkesinin, hava durumu kay\u0131tlar\u0131n\u0131n tutulmaya ba\u015fland\u0131\u011f\u0131 1900&#039;den bu yana en s\u0131cak yaz\u0131n\u0131 ge\u00e7irdi\u011fini belirtti.<\/p>\n<p><strong>Kaynak:<\/strong> TRT Haber \u2014 <a href=\"https:\/\/www.trthaber.com\/haber\/dunya\/fransa-hava-durumu-kayitlarinin-tutulmaya-baslandigi-1900den-bu-yana-en-sicak-yazini-gecirdi-955821.html\" target=\"_blank\" rel=\"nofollow noopener\">Haberin devam\u0131n\u0131 \u00f6zg\u00fcn kayna\u011f\u0131nda oku<\/a><\/p>\n","protected":false},"excerpt":{"rendered":"<p>Fransa Ekolojik D\u00f6n\u00fc\u015f\u00fcm Bakan\u0131 Monique Barbut, \u00fclkesinin, hava durumu kay\u0131tlar\u0131n\u0131n tutulmaya ba\u015fland\u0131\u011f\u0131 1900&#8217;den bu yana en s\u0131cak yaz\u0131n\u0131 ge\u00e7irdi\u011fini belirtti.<\/p>\n","protected":false},"author":0,"featured_media":8762,"comment_status":"closed","ping_status":"closed","sticky":false,"template":"","format":"standard","meta":{"_yb_topic_hash":"084901edb84944fd1cf8ba04886be30ff4ae9d73728b983a91073f5d727bcd58","_yb_image_repair_status":"","_yb_image_repair_last":"","_yb_image_repair_attempts":0,"_yb_source_trust_score":0,"footnotes":""},"categories":[155],"tags":[],"yb_news_series":[],"yb_language":[],"class_list":["post-8761","post","type-post","status-publish","format-standard","has-post-thumbnail","hentry","category-dunya"],"blocksy_meta":[],"_links":{"self":[{"href":"https:\/\/yurtbakisi.com\/index.php?rest_route=\/wp\/v2\/posts\/8761","targetHints":{"allow":["GET"]}}],"collection":[{"href":"https:\/\/yurtbakisi.com\/index.php?rest_route=\/wp\/v2\/posts"}],"about":[{"href":"https:\/\/yurtbakisi.com\/index.php?rest_route=\/wp\/v2\/types\/post"}],"replies":[{"embeddable":true,"href":"https:\/\/yurtbakisi.com\/index.php?rest_route=%2Fwp%2Fv2%2Fcomments&post=8761"}],"version-history":[{"count":1,"href":"https:\/\/yurtbakisi.com\/index.php?rest_route=\/wp\/v2\/posts\/8761\/revisions"}],"predecessor-version":[{"id":8763,"href":"https:\/\/yurtbakisi.com\/index.php?rest_route=\/wp\/v2\/posts\/8761\/revisions\/8763"}],"wp:featuredmedia":[{"embeddable":true,"href":"https:\/\/yurtbakisi.com\/index.php?rest_route=\/wp\/v2\/media\/8762"}],"wp:attachment":[{"href":"https:\/\/yurtbakisi.com\/index.php?rest_route=%2Fwp%2Fv2%2Fmedia&parent=8761"}],"wp:term":[{"taxonomy":"category","embeddable":true,"href":"https:\/\/yurtbakisi.com\/index.php?rest_route=%2Fwp%2Fv2%2Fcategories&post=8761"},{"taxonomy":"post_tag","embeddable":true,"href":"https:\/\/yurtbakisi.com\/index.php?rest_route=%2Fwp%2Fv2%2Ftags&post=8761"},{"taxonomy":"yb_news_series","embeddable":true,"href":"https:\/\/yurtbakisi.com\/index.php?rest_route=%2Fwp%2Fv2%2Fyb_news_series&post=8761"},{"taxonomy":"yb_language","embeddable":true,"href":"https:\/\/yurtbakisi.com\/index.php?rest_route=%2Fwp%2Fv2%2Fyb_language&post=8761"}],"curies":[{"name":"wp","href":"https:\/\/api.w.org\/{rel}","templated":true}]}}