{"id":8767,"date":"2026-09-04T02:01:17","date_gmt":"2026-09-03T23:01:17","guid":{"rendered":"https:\/\/yurtbakisi.com\/?p=8767"},"modified":"2026-09-04T02:01:22","modified_gmt":"2026-09-03T23:01:22","slug":"abdnin-irana-karsi-asker-konuslandirma-suresini-sessizce-uzattigi-ileri-suruldu","status":"publish","type":"post","link":"https:\/\/yurtbakisi.com\/?p=8767","title":{"rendered":"ABD&#039;nin, \u0130ran&#039;a kar\u015f\u0131 asker konu\u015fland\u0131rma s\u00fcresini sessizce uzatt\u0131\u011f\u0131 ileri s\u00fcr\u00fcld\u00fc"},"content":{"rendered":"<p>ABD Savunma Bakan\u0131 Pete Hegseth&#039;in, \u0130ran&#039;a kar\u015f\u0131 b\u00f6lgede konu\u015fland\u0131r\u0131lan ABD askerlerinin g\u00f6rev s\u00fcresini uzatt\u0131\u011f\u0131 iddia edildi.<\/p>\n<p><strong>Kaynak:<\/strong> TRT Haber \u2014 <a href=\"https:\/\/www.trthaber.com\/haber\/dunya\/abdnin-irana-karsi-asker-konuslandirma-suresini-sessizce-uzattigi-ileri-suruldu-955818.html\" target=\"_blank\" rel=\"nofollow noopener\">Haberin devam\u0131n\u0131 \u00f6zg\u00fcn kayna\u011f\u0131nda oku<\/a><\/p>\n","protected":false},"excerpt":{"rendered":"<p>ABD Savunma Bakan\u0131 Pete Hegseth&#8217;in, \u0130ran&#8217;a kar\u015f\u0131 b\u00f6lgede konu\u015fland\u0131r\u0131lan ABD askerlerinin g\u00f6rev s\u00fcresini uzatt\u0131\u011f\u0131 iddia edildi.<\/p>\n","protected":false},"author":0,"featured_media":8768,"comment_status":"closed","ping_status":"closed","sticky":false,"template":"","format":"standard","meta":{"_yb_topic_hash":"964fd45433e1b775594cb2febfc71f53e808254eef8ad9888508c39f9f9748d6","_yb_image_repair_status":"","_yb_image_repair_last":"","_yb_image_repair_attempts":0,"_yb_source_trust_score":0,"footnotes":""},"categories":[155],"tags":[],"yb_news_series":[],"yb_language":[],"class_list":["post-8767","post","type-post","status-publish","format-standard","has-post-thumbnail","hentry","category-dunya"],"blocksy_meta":[],"_links":{"self":[{"href":"https:\/\/yurtbakisi.com\/index.php?rest_route=\/wp\/v2\/posts\/8767","targetHints":{"allow":["GET"]}}],"collection":[{"href":"https:\/\/yurtbakisi.com\/index.php?rest_route=\/wp\/v2\/posts"}],"about":[{"href":"https:\/\/yurtbakisi.com\/index.php?rest_route=\/wp\/v2\/types\/post"}],"replies":[{"embeddable":true,"href":"https:\/\/yurtbakisi.com\/index.php?rest_route=%2Fwp%2Fv2%2Fcomments&post=8767"}],"version-history":[{"count":1,"href":"https:\/\/yurtbakisi.com\/index.php?rest_route=\/wp\/v2\/posts\/8767\/revisions"}],"predecessor-version":[{"id":8769,"href":"https:\/\/yurtbakisi.com\/index.php?rest_route=\/wp\/v2\/posts\/8767\/revisions\/8769"}],"wp:featuredmedia":[{"embeddable":true,"href":"https:\/\/yurtbakisi.com\/index.php?rest_route=\/wp\/v2\/media\/8768"}],"wp:attachment":[{"href":"https:\/\/yurtbakisi.com\/index.php?rest_route=%2Fwp%2Fv2%2Fmedia&parent=8767"}],"wp:term":[{"taxonomy":"category","embeddable":true,"href":"https:\/\/yurtbakisi.com\/index.php?rest_route=%2Fwp%2Fv2%2Fcategories&post=8767"},{"taxonomy":"post_tag","embeddable":true,"href":"https:\/\/yurtbakisi.com\/index.php?rest_route=%2Fwp%2Fv2%2Ftags&post=8767"},{"taxonomy":"yb_news_series","embeddable":true,"href":"https:\/\/yurtbakisi.com\/index.php?rest_route=%2Fwp%2Fv2%2Fyb_news_series&post=8767"},{"taxonomy":"yb_language","embeddable":true,"href":"https:\/\/yurtbakisi.com\/index.php?rest_route=%2Fwp%2Fv2%2Fyb_language&post=8767"}],"curies":[{"name":"wp","href":"https:\/\/api.w.org\/{rel}","templated":true}]}}