{"id":8782,"date":"2026-09-04T02:58:23","date_gmt":"2026-09-03T23:58:23","guid":{"rendered":"https:\/\/yurtbakisi.com\/?p=8782"},"modified":"2026-09-04T02:58:29","modified_gmt":"2026-09-03T23:58:29","slug":"av-sezonu-palamut-bolluguyla-basladi","status":"publish","type":"post","link":"https:\/\/yurtbakisi.com\/?p=8782","title":{"rendered":"Av sezonu palamut bollu\u011fuyla ba\u015flad\u0131"},"content":{"rendered":"<p>Denizlerde 1 Eyl\u00fcl itibar\u0131yla av yasa\u011f\u0131n\u0131n kalkmas\u0131n\u0131n ard\u0131ndan &quot;vira bismillah&quot; diyerek denize a\u00e7\u0131lan Karadenizli bal\u0131k\u00e7\u0131lar, k\u0131y\u0131ya bol miktarda palamutla d\u00f6n\u00fcyor.<\/p>\n<p><strong>Kaynak:<\/strong> TRT Haber \u2014 <a href=\"https:\/\/www.trthaber.com\/haber\/turkiye\/av-sezonu-palamut-bolluguyla-basladi-955785.html\" target=\"_blank\" rel=\"nofollow noopener\">Haberin devam\u0131n\u0131 \u00f6zg\u00fcn kayna\u011f\u0131nda oku<\/a><\/p>\n","protected":false},"excerpt":{"rendered":"<p>Denizlerde 1 Eyl\u00fcl itibar\u0131yla av yasa\u011f\u0131n\u0131n kalkmas\u0131n\u0131n ard\u0131ndan &#8220;vira bismillah&#8221; diyerek denize a\u00e7\u0131lan Karadenizli bal\u0131k\u00e7\u0131lar, k\u0131y\u0131ya bol miktarda palamutla d\u00f6n\u00fcyor.<\/p>\n","protected":false},"author":0,"featured_media":8783,"comment_status":"closed","ping_status":"closed","sticky":false,"template":"","format":"standard","meta":{"_yb_topic_hash":"5d656abc0f92f48d7befa9d1a17ae4798306af8796a1b60ffa4c7da462a2f820","_yb_image_repair_status":"","_yb_image_repair_last":"","_yb_image_repair_attempts":0,"_yb_source_trust_score":0,"footnotes":""},"categories":[154],"tags":[],"yb_news_series":[],"yb_language":[],"class_list":["post-8782","post","type-post","status-publish","format-standard","has-post-thumbnail","hentry","category-turkiye"],"blocksy_meta":[],"_links":{"self":[{"href":"https:\/\/yurtbakisi.com\/index.php?rest_route=\/wp\/v2\/posts\/8782","targetHints":{"allow":["GET"]}}],"collection":[{"href":"https:\/\/yurtbakisi.com\/index.php?rest_route=\/wp\/v2\/posts"}],"about":[{"href":"https:\/\/yurtbakisi.com\/index.php?rest_route=\/wp\/v2\/types\/post"}],"replies":[{"embeddable":true,"href":"https:\/\/yurtbakisi.com\/index.php?rest_route=%2Fwp%2Fv2%2Fcomments&post=8782"}],"version-history":[{"count":1,"href":"https:\/\/yurtbakisi.com\/index.php?rest_route=\/wp\/v2\/posts\/8782\/revisions"}],"predecessor-version":[{"id":8784,"href":"https:\/\/yurtbakisi.com\/index.php?rest_route=\/wp\/v2\/posts\/8782\/revisions\/8784"}],"wp:featuredmedia":[{"embeddable":true,"href":"https:\/\/yurtbakisi.com\/index.php?rest_route=\/wp\/v2\/media\/8783"}],"wp:attachment":[{"href":"https:\/\/yurtbakisi.com\/index.php?rest_route=%2Fwp%2Fv2%2Fmedia&parent=8782"}],"wp:term":[{"taxonomy":"category","embeddable":true,"href":"https:\/\/yurtbakisi.com\/index.php?rest_route=%2Fwp%2Fv2%2Fcategories&post=8782"},{"taxonomy":"post_tag","embeddable":true,"href":"https:\/\/yurtbakisi.com\/index.php?rest_route=%2Fwp%2Fv2%2Ftags&post=8782"},{"taxonomy":"yb_news_series","embeddable":true,"href":"https:\/\/yurtbakisi.com\/index.php?rest_route=%2Fwp%2Fv2%2Fyb_news_series&post=8782"},{"taxonomy":"yb_language","embeddable":true,"href":"https:\/\/yurtbakisi.com\/index.php?rest_route=%2Fwp%2Fv2%2Fyb_language&post=8782"}],"curies":[{"name":"wp","href":"https:\/\/api.w.org\/{rel}","templated":true}]}}