{"id":8785,"date":"2026-09-04T02:58:35","date_gmt":"2026-09-03T23:58:35","guid":{"rendered":"https:\/\/yurtbakisi.com\/?p=8785"},"modified":"2026-09-04T02:58:42","modified_gmt":"2026-09-03T23:58:42","slug":"belcikada-sicak-hava-dalgalarinda-beklenenden-2-bin-935-daha-fazla-olum-kaydedildi","status":"publish","type":"post","link":"https:\/\/yurtbakisi.com\/?p=8785","title":{"rendered":"Bel\u00e7ika&#039;da s\u0131cak hava dalgalar\u0131nda beklenenden 2 bin 935 daha fazla \u00f6l\u00fcm kaydedildi"},"content":{"rendered":"<p>Bel\u00e7ika&#039;da yaz aylar\u0131nda etkili olan s\u0131cak hava dalgalar\u0131 s\u0131ras\u0131nda beklenenden 2 bin 935 daha fazla \u00f6l\u00fcm kay\u0131tlara ge\u00e7ti.<\/p>\n<p><strong>Kaynak:<\/strong> TRT Haber \u2014 <a href=\"https:\/\/www.trthaber.com\/haber\/dunya\/belcikada-sicak-hava-dalgalarinda-beklenenden-2-bin-935-daha-fazla-olum-kaydedildi-955815.html\" target=\"_blank\" rel=\"nofollow noopener\">Haberin devam\u0131n\u0131 \u00f6zg\u00fcn kayna\u011f\u0131nda oku<\/a><\/p>\n","protected":false},"excerpt":{"rendered":"<p>Bel\u00e7ika&#8217;da yaz aylar\u0131nda etkili olan s\u0131cak hava dalgalar\u0131 s\u0131ras\u0131nda beklenenden 2 bin 935 daha fazla \u00f6l\u00fcm kay\u0131tlara ge\u00e7ti.<\/p>\n","protected":false},"author":0,"featured_media":8786,"comment_status":"closed","ping_status":"closed","sticky":false,"template":"","format":"standard","meta":{"_yb_topic_hash":"575563b53d959b753c2025192aea6b9f63115bcbd5c7d24bc45d6dc13a5129ad","_yb_image_repair_status":"","_yb_image_repair_last":"","_yb_image_repair_attempts":0,"_yb_source_trust_score":0,"footnotes":""},"categories":[155,55],"tags":[107],"yb_news_series":[],"yb_language":[],"class_list":["post-8785","post","type-post","status-publish","format-standard","has-post-thumbnail","hentry","category-dunya","category-kirmizi-hali","tag-cemiyet"],"blocksy_meta":[],"_links":{"self":[{"href":"https:\/\/yurtbakisi.com\/index.php?rest_route=\/wp\/v2\/posts\/8785","targetHints":{"allow":["GET"]}}],"collection":[{"href":"https:\/\/yurtbakisi.com\/index.php?rest_route=\/wp\/v2\/posts"}],"about":[{"href":"https:\/\/yurtbakisi.com\/index.php?rest_route=\/wp\/v2\/types\/post"}],"replies":[{"embeddable":true,"href":"https:\/\/yurtbakisi.com\/index.php?rest_route=%2Fwp%2Fv2%2Fcomments&post=8785"}],"version-history":[{"count":1,"href":"https:\/\/yurtbakisi.com\/index.php?rest_route=\/wp\/v2\/posts\/8785\/revisions"}],"predecessor-version":[{"id":8787,"href":"https:\/\/yurtbakisi.com\/index.php?rest_route=\/wp\/v2\/posts\/8785\/revisions\/8787"}],"wp:featuredmedia":[{"embeddable":true,"href":"https:\/\/yurtbakisi.com\/index.php?rest_route=\/wp\/v2\/media\/8786"}],"wp:attachment":[{"href":"https:\/\/yurtbakisi.com\/index.php?rest_route=%2Fwp%2Fv2%2Fmedia&parent=8785"}],"wp:term":[{"taxonomy":"category","embeddable":true,"href":"https:\/\/yurtbakisi.com\/index.php?rest_route=%2Fwp%2Fv2%2Fcategories&post=8785"},{"taxonomy":"post_tag","embeddable":true,"href":"https:\/\/yurtbakisi.com\/index.php?rest_route=%2Fwp%2Fv2%2Ftags&post=8785"},{"taxonomy":"yb_news_series","embeddable":true,"href":"https:\/\/yurtbakisi.com\/index.php?rest_route=%2Fwp%2Fv2%2Fyb_news_series&post=8785"},{"taxonomy":"yb_language","embeddable":true,"href":"https:\/\/yurtbakisi.com\/index.php?rest_route=%2Fwp%2Fv2%2Fyb_language&post=8785"}],"curies":[{"name":"wp","href":"https:\/\/api.w.org\/{rel}","templated":true}]}}