{"id":8820,"date":"2026-09-03T22:27:16","date_gmt":"2026-09-03T19:27:16","guid":{"rendered":"https:\/\/yurtbakisi.com\/?p=8820"},"modified":"2026-09-03T22:27:16","modified_gmt":"2026-09-03T19:27:16","slug":"sefodan-motofestte-yeni-sarki-mujdesi-afyon-sehir","status":"publish","type":"post","link":"https:\/\/yurtbakisi.com\/?p=8820","title":{"rendered":"Sefo\u2019dan Motofest\u2019te yeni \u015fark\u0131 m\u00fcjdesi &#8211; Afyon \u015eehir"},"content":{"rendered":"<div class=\"yb-imported-news-note\">\n<p>Sefo\u2019dan Motofest\u2019te yeni \u015fark\u0131 m\u00fcjdesi Afyon \u015eehir<\/p>\n<p><strong>Kaynak:<\/strong> Katalog \u2014 Yeni \u015eark\u0131lar \u2014 Ayr\u0131nt\u0131lar ve tam i\u00e7erik i\u00e7in <a href=\"https:\/\/news.google.com\/rss\/articles\/CBMibkFVX3lxTE0teE02Mk5CckRudEI1NGZpWjYwdFMtZ2daZ1lNdE55SEtSOS1uaXlNWXk2b1pCZ1B5Zjh4bmlpVHpNdExGczNzMXpVNkIyRi1fSDVkN1J6aU54TXZMUF84Zkl6LXVjVnhkSXJGVmxB?oc=5\" target=\"_blank\" rel=\"nofollow noopener noreferrer\">\u00f6zg\u00fcn haberi a\u00e7\u0131n<\/a>.<\/p>\n<p><small>Bu kay\u0131t RSS haber havuzuna k\u0131sa kaynak \u00f6zeti olarak al\u0131nm\u0131\u015ft\u0131r; \u00f6zg\u00fcn metnin tamam\u0131 kopyalanmam\u0131\u015ft\u0131r.<\/small><\/p>\n<\/div>\n","protected":false},"excerpt":{"rendered":"<p>Sefo\u2019dan Motofest\u2019te yeni \u015fark\u0131 m\u00fcjdesi Afyon \u015eehir<\/p>\n","protected":false},"author":1,"featured_media":0,"comment_status":"closed","ping_status":"closed","sticky":false,"template":"","format":"standard","meta":{"_yb_topic_hash":"968e111f78c7311daf8c2e617860c1e40291399c4b1a51818065fc9fbdec0926","_yb_image_repair_status":"","_yb_image_repair_last":"","_yb_image_repair_attempts":0,"_yb_source_trust_score":93,"footnotes":""},"categories":[78,5,11,87,37],"tags":[133,109],"yb_news_series":[],"yb_language":[],"class_list":["post-8820","post","type-post","status-publish","format-standard","has-post-thumbnail","hentry","category-kultur-yasam","category-muzik","category-yasam","category-yeme-icme","category-yeni-sarkilar","tag-katalog-yeni-sarkilar","tag-muzik"],"blocksy_meta":[],"_links":{"self":[{"href":"https:\/\/yurtbakisi.com\/index.php?rest_route=\/wp\/v2\/posts\/8820","targetHints":{"allow":["GET"]}}],"collection":[{"href":"https:\/\/yurtbakisi.com\/index.php?rest_route=\/wp\/v2\/posts"}],"about":[{"href":"https:\/\/yurtbakisi.com\/index.php?rest_route=\/wp\/v2\/types\/post"}],"author":[{"embeddable":true,"href":"https:\/\/yurtbakisi.com\/index.php?rest_route=\/wp\/v2\/users\/1"}],"replies":[{"embeddable":true,"href":"https:\/\/yurtbakisi.com\/index.php?rest_route=%2Fwp%2Fv2%2Fcomments&post=8820"}],"version-history":[{"count":0,"href":"https:\/\/yurtbakisi.com\/index.php?rest_route=\/wp\/v2\/posts\/8820\/revisions"}],"wp:attachment":[{"href":"https:\/\/yurtbakisi.com\/index.php?rest_route=%2Fwp%2Fv2%2Fmedia&parent=8820"}],"wp:term":[{"taxonomy":"category","embeddable":true,"href":"https:\/\/yurtbakisi.com\/index.php?rest_route=%2Fwp%2Fv2%2Fcategories&post=8820"},{"taxonomy":"post_tag","embeddable":true,"href":"https:\/\/yurtbakisi.com\/index.php?rest_route=%2Fwp%2Fv2%2Ftags&post=8820"},{"taxonomy":"yb_news_series","embeddable":true,"href":"https:\/\/yurtbakisi.com\/index.php?rest_route=%2Fwp%2Fv2%2Fyb_news_series&post=8820"},{"taxonomy":"yb_language","embeddable":true,"href":"https:\/\/yurtbakisi.com\/index.php?rest_route=%2Fwp%2Fv2%2Fyb_language&post=8820"}],"curies":[{"name":"wp","href":"https:\/\/api.w.org\/{rel}","templated":true}]}}