{"id":8824,"date":"2026-09-04T05:03:06","date_gmt":"2026-09-04T02:03:06","guid":{"rendered":"https:\/\/yurtbakisi.com\/?p=8824"},"modified":"2026-09-04T05:03:12","modified_gmt":"2026-09-04T02:03:12","slug":"adem-amca-ile-yarenin-15-yillik-bulusmasina-goc-molasi","status":"publish","type":"post","link":"https:\/\/yurtbakisi.com\/?p=8824","title":{"rendered":"Adem Amca ile Yaren&#039;in 15 y\u0131ll\u0131k bulu\u015fmas\u0131na g\u00f6\u00e7 molas\u0131"},"content":{"rendered":"<p>Bursa&#039;n\u0131n Karacabey il\u00e7esinde, Bal\u0131k\u00e7\u0131 Adem Y\u0131lmaz ile kurdu\u011fu dostluk hikayesiyle tan\u0131nan Yaren leylek, 15&#039;inci y\u0131lda g\u00f6\u00e7 yolculu\u011funa ba\u015flad\u0131.<\/p>\n<p><strong>Kaynak:<\/strong> TRT Haber \u2014 <a href=\"https:\/\/www.trthaber.com\/haber\/yasam\/adem-amca-ile-yarenin-15-yillik-bulusmasina-goc-molasi-955829.html\" target=\"_blank\" rel=\"nofollow noopener\">Haberin devam\u0131n\u0131 \u00f6zg\u00fcn kayna\u011f\u0131nda oku<\/a><\/p>\n","protected":false},"excerpt":{"rendered":"<p>Bursa&#8217;n\u0131n Karacabey il\u00e7esinde, Bal\u0131k\u00e7\u0131 Adem Y\u0131lmaz ile kurdu\u011fu dostluk hikayesiyle tan\u0131nan Yaren leylek, 15&#8217;inci y\u0131lda g\u00f6\u00e7 yolculu\u011funa ba\u015flad\u0131.<\/p>\n","protected":false},"author":0,"featured_media":8825,"comment_status":"closed","ping_status":"closed","sticky":false,"template":"","format":"standard","meta":{"_yb_topic_hash":"3f54a990308b77371cb060ee92d4ce1074c6fab9559302b0d0ee5708d976d526","_yb_image_repair_status":"","_yb_image_repair_last":"","_yb_image_repair_attempts":0,"_yb_source_trust_score":0,"footnotes":""},"categories":[11],"tags":[],"yb_news_series":[],"yb_language":[],"class_list":["post-8824","post","type-post","status-publish","format-standard","has-post-thumbnail","hentry","category-yasam"],"blocksy_meta":[],"_links":{"self":[{"href":"https:\/\/yurtbakisi.com\/index.php?rest_route=\/wp\/v2\/posts\/8824","targetHints":{"allow":["GET"]}}],"collection":[{"href":"https:\/\/yurtbakisi.com\/index.php?rest_route=\/wp\/v2\/posts"}],"about":[{"href":"https:\/\/yurtbakisi.com\/index.php?rest_route=\/wp\/v2\/types\/post"}],"replies":[{"embeddable":true,"href":"https:\/\/yurtbakisi.com\/index.php?rest_route=%2Fwp%2Fv2%2Fcomments&post=8824"}],"version-history":[{"count":1,"href":"https:\/\/yurtbakisi.com\/index.php?rest_route=\/wp\/v2\/posts\/8824\/revisions"}],"predecessor-version":[{"id":8826,"href":"https:\/\/yurtbakisi.com\/index.php?rest_route=\/wp\/v2\/posts\/8824\/revisions\/8826"}],"wp:featuredmedia":[{"embeddable":true,"href":"https:\/\/yurtbakisi.com\/index.php?rest_route=\/wp\/v2\/media\/8825"}],"wp:attachment":[{"href":"https:\/\/yurtbakisi.com\/index.php?rest_route=%2Fwp%2Fv2%2Fmedia&parent=8824"}],"wp:term":[{"taxonomy":"category","embeddable":true,"href":"https:\/\/yurtbakisi.com\/index.php?rest_route=%2Fwp%2Fv2%2Fcategories&post=8824"},{"taxonomy":"post_tag","embeddable":true,"href":"https:\/\/yurtbakisi.com\/index.php?rest_route=%2Fwp%2Fv2%2Ftags&post=8824"},{"taxonomy":"yb_news_series","embeddable":true,"href":"https:\/\/yurtbakisi.com\/index.php?rest_route=%2Fwp%2Fv2%2Fyb_news_series&post=8824"},{"taxonomy":"yb_language","embeddable":true,"href":"https:\/\/yurtbakisi.com\/index.php?rest_route=%2Fwp%2Fv2%2Fyb_language&post=8824"}],"curies":[{"name":"wp","href":"https:\/\/api.w.org\/{rel}","templated":true}]}}