{"id":8828,"date":"2026-09-04T06:31:30","date_gmt":"2026-09-04T03:31:30","guid":{"rendered":"https:\/\/yurtbakisi.com\/?p=8828"},"modified":"2026-09-04T06:31:30","modified_gmt":"2026-09-04T03:31:30","slug":"haluk-leventin-yolsuzlugu-toplumun-yardimlasma-duygusunu-etkiledi-ahbap-yuzunden-yardimdan-vazgecmeyiz-sabah","status":"publish","type":"post","link":"https:\/\/yurtbakisi.com\/?p=8828","title":{"rendered":"Haluk Levent&#8217;in yolsuzlu\u011fu toplumun yard\u0131mla\u015fma duygusunu etkiledi! Ahbap y\u00fcz\u00fcnden yard\u0131mdan vazge\u00e7meyiz! &#8211; Sabah"},"content":{"rendered":"<div class=\"yb-imported-news-note\">\n<p>Haluk Levent&#039;in yolsuzlu\u011fu toplumun yard\u0131mla\u015fma duygusunu etkiledi! Ahbap y\u00fcz\u00fcnden yard\u0131mdan vazge\u00e7meyiz! Sabah<\/p>\n<p><strong>Kaynak:<\/strong> Canl\u0131 Ak\u0131\u015f \u2014 Magazin \u2014 Ayr\u0131nt\u0131lar ve tam i\u00e7erik i\u00e7in <a href=\"https:\/\/news.google.com\/rss\/articles\/CBMi4gFBVV95cUxNaWVFc0kyMzJpSjB2UFV2NFZwbWZZeWc3Mm9rUS1IME4zWWVweC1UU0dhbVF5WDlGc0ozdF9PSURCcXRBMUFnU3Fsa1NlZjZPZHJwSkxBblZvU3NTTGhkWG5Cc2NaM2ZLRFFoajh5bVlaOG9kazc0bGVHdmM1bWFKN01qU1FwRDVITUtOOGNEMGNNTUJUYXJ1cHEtQmt2azV6VXBSLUlrXzA1aXprYkhuek1mRWctZ1lUN3ppa213bWlwcXZkR3FhYnBod2JXM194aDdOME9TUUR0NDRXWk9tbldB?oc=5\" target=\"_blank\" rel=\"nofollow noopener noreferrer\">\u00f6zg\u00fcn haberi a\u00e7\u0131n<\/a>.<\/p>\n<p><small>Bu kay\u0131t RSS haber havuzuna k\u0131sa kaynak \u00f6zeti olarak al\u0131nm\u0131\u015ft\u0131r; \u00f6zg\u00fcn metnin tamam\u0131 kopyalanmam\u0131\u015ft\u0131r.<\/small><\/p>\n<\/div>\n","protected":false},"excerpt":{"rendered":"<p>Haluk Levent&#8217;in yolsuzlu\u011fu toplumun yard\u0131mla\u015fma duygusunu etkiledi! Ahbap y\u00fcz\u00fcnden yard\u0131mdan vazge\u00e7meyiz! Sabah<\/p>\n","protected":false},"author":1,"featured_media":0,"comment_status":"closed","ping_status":"closed","sticky":false,"template":"","format":"standard","meta":{"_yb_topic_hash":"f10d372398aa968ea878ea700d15125ebeaa8a732f2d0ad3e6030b3efa9b3e11","_yb_image_repair_status":"","_yb_image_repair_last":"","_yb_image_repair_attempts":0,"_yb_source_trust_score":93,"footnotes":""},"categories":[15],"tags":[108],"yb_news_series":[],"yb_language":[],"class_list":["post-8828","post","type-post","status-publish","format-standard","has-post-thumbnail","hentry","category-magazin","tag-canli-akis-magazin"],"blocksy_meta":[],"_links":{"self":[{"href":"https:\/\/yurtbakisi.com\/index.php?rest_route=\/wp\/v2\/posts\/8828","targetHints":{"allow":["GET"]}}],"collection":[{"href":"https:\/\/yurtbakisi.com\/index.php?rest_route=\/wp\/v2\/posts"}],"about":[{"href":"https:\/\/yurtbakisi.com\/index.php?rest_route=\/wp\/v2\/types\/post"}],"author":[{"embeddable":true,"href":"https:\/\/yurtbakisi.com\/index.php?rest_route=\/wp\/v2\/users\/1"}],"replies":[{"embeddable":true,"href":"https:\/\/yurtbakisi.com\/index.php?rest_route=%2Fwp%2Fv2%2Fcomments&post=8828"}],"version-history":[{"count":0,"href":"https:\/\/yurtbakisi.com\/index.php?rest_route=\/wp\/v2\/posts\/8828\/revisions"}],"wp:attachment":[{"href":"https:\/\/yurtbakisi.com\/index.php?rest_route=%2Fwp%2Fv2%2Fmedia&parent=8828"}],"wp:term":[{"taxonomy":"category","embeddable":true,"href":"https:\/\/yurtbakisi.com\/index.php?rest_route=%2Fwp%2Fv2%2Fcategories&post=8828"},{"taxonomy":"post_tag","embeddable":true,"href":"https:\/\/yurtbakisi.com\/index.php?rest_route=%2Fwp%2Fv2%2Ftags&post=8828"},{"taxonomy":"yb_news_series","embeddable":true,"href":"https:\/\/yurtbakisi.com\/index.php?rest_route=%2Fwp%2Fv2%2Fyb_news_series&post=8828"},{"taxonomy":"yb_language","embeddable":true,"href":"https:\/\/yurtbakisi.com\/index.php?rest_route=%2Fwp%2Fv2%2Fyb_language&post=8828"}],"curies":[{"name":"wp","href":"https:\/\/api.w.org\/{rel}","templated":true}]}}