{"id":8832,"date":"2026-09-04T07:49:29","date_gmt":"2026-09-04T04:49:29","guid":{"rendered":"https:\/\/yurtbakisi.com\/?p=8832"},"modified":"2026-09-04T07:49:29","modified_gmt":"2026-09-04T04:49:29","slug":"metin-turkcandan-sebnem-feraha-etik-tepkisi-haberturk","status":"publish","type":"post","link":"https:\/\/yurtbakisi.com\/?p=8832","title":{"rendered":"Metin T\u00fcrkcan&#8217;dan \u015eebnem Ferah&#8217;a &#8216;etik&#8217; tepkisi &#8211; Habert\u00fcrk"},"content":{"rendered":"<div class=\"yb-imported-news-note\">\n<p>Metin T\u00fcrkcan&#039;dan \u015eebnem Ferah&#039;a &#039;etik&#039; tepkisi Habert\u00fcrk<\/p>\n<p><strong>Kaynak:<\/strong> Canl\u0131 Ak\u0131\u015f \u2014 Magazin \u2014 Ayr\u0131nt\u0131lar ve tam i\u00e7erik i\u00e7in <a href=\"https:\/\/news.google.com\/rss\/articles\/CBMilwFBVV95cUxPOU0zUzhCTWppTFNfOWFwR3ZpRU5kU0FBbzIxYkpSVUVJbm5kWXRKS0dfRjZFcXEzaUtMOUxQNnZaSzVrTnp1MkhZb3VBY0pyUnJGWDcwUFh5TURONTZlbzdjRzhFSWpMeDduOG4waFMxT205S211enQtVjIzX2xFTGtTMDhWTHpqQlZsUzBEYzRaMjBybm9j?oc=5\" target=\"_blank\" rel=\"nofollow noopener noreferrer\">\u00f6zg\u00fcn haberi a\u00e7\u0131n<\/a>.<\/p>\n<p><small>Bu kay\u0131t RSS haber havuzuna k\u0131sa kaynak \u00f6zeti olarak al\u0131nm\u0131\u015ft\u0131r; \u00f6zg\u00fcn metnin tamam\u0131 kopyalanmam\u0131\u015ft\u0131r.<\/small><\/p>\n<\/div>\n","protected":false},"excerpt":{"rendered":"<p>Metin T\u00fcrkcan&#8217;dan \u015eebnem Ferah&#8217;a &#8216;etik&#8217; tepkisi Habert\u00fcrk<\/p>\n","protected":false},"author":1,"featured_media":0,"comment_status":"closed","ping_status":"closed","sticky":false,"template":"","format":"standard","meta":{"_yb_topic_hash":"e641ada28e7a71ce97820528e0aee08fcab0770b066e5c93bd6a5769d8caaaf7","_yb_image_repair_status":"failed","_yb_image_repair_last":"2026-09-04 08:59:41","_yb_image_repair_attempts":1,"_yb_source_trust_score":93,"footnotes":""},"categories":[15],"tags":[108],"yb_news_series":[],"yb_language":[],"class_list":["post-8832","post","type-post","status-publish","format-standard","has-post-thumbnail","hentry","category-magazin","tag-canli-akis-magazin"],"blocksy_meta":[],"_links":{"self":[{"href":"https:\/\/yurtbakisi.com\/index.php?rest_route=\/wp\/v2\/posts\/8832","targetHints":{"allow":["GET"]}}],"collection":[{"href":"https:\/\/yurtbakisi.com\/index.php?rest_route=\/wp\/v2\/posts"}],"about":[{"href":"https:\/\/yurtbakisi.com\/index.php?rest_route=\/wp\/v2\/types\/post"}],"author":[{"embeddable":true,"href":"https:\/\/yurtbakisi.com\/index.php?rest_route=\/wp\/v2\/users\/1"}],"replies":[{"embeddable":true,"href":"https:\/\/yurtbakisi.com\/index.php?rest_route=%2Fwp%2Fv2%2Fcomments&post=8832"}],"version-history":[{"count":0,"href":"https:\/\/yurtbakisi.com\/index.php?rest_route=\/wp\/v2\/posts\/8832\/revisions"}],"wp:attachment":[{"href":"https:\/\/yurtbakisi.com\/index.php?rest_route=%2Fwp%2Fv2%2Fmedia&parent=8832"}],"wp:term":[{"taxonomy":"category","embeddable":true,"href":"https:\/\/yurtbakisi.com\/index.php?rest_route=%2Fwp%2Fv2%2Fcategories&post=8832"},{"taxonomy":"post_tag","embeddable":true,"href":"https:\/\/yurtbakisi.com\/index.php?rest_route=%2Fwp%2Fv2%2Ftags&post=8832"},{"taxonomy":"yb_news_series","embeddable":true,"href":"https:\/\/yurtbakisi.com\/index.php?rest_route=%2Fwp%2Fv2%2Fyb_news_series&post=8832"},{"taxonomy":"yb_language","embeddable":true,"href":"https:\/\/yurtbakisi.com\/index.php?rest_route=%2Fwp%2Fv2%2Fyb_language&post=8832"}],"curies":[{"name":"wp","href":"https:\/\/api.w.org\/{rel}","templated":true}]}}