{"id":8833,"date":"2026-09-04T07:31:56","date_gmt":"2026-09-04T04:31:56","guid":{"rendered":"https:\/\/yurtbakisi.com\/?p=8833"},"modified":"2026-09-04T07:31:56","modified_gmt":"2026-09-04T04:31:56","slug":"onu-arnavut-kaldirimi-klibinden-hatirliyoruz-simdi-gorenler-tanimakta-zorlaniyor-galeri-trend-magazin-sabah","status":"publish","type":"post","link":"https:\/\/yurtbakisi.com\/?p=8833","title":{"rendered":"Onu Arnavut Kald\u0131r\u0131m\u0131 klibinden hat\u0131rl\u0131yoruz! \u015eimdi g\u00f6renler tan\u0131makta zorlan\u0131yor &#8211; Galeri &#8211; Trend Magazin &#8211; Sabah"},"content":{"rendered":"<div class=\"yb-imported-news-note\">\n<p>Onu Arnavut Kald\u0131r\u0131m\u0131 klibinden hat\u0131rl\u0131yoruz! \u015eimdi g\u00f6renler tan\u0131makta zorlan\u0131yor &#8211; Galeri &#8211; Trend Magazin Sabah<\/p>\n<p><strong>Kaynak:<\/strong> Canl\u0131 Ak\u0131\u015f \u2014 Magazin \u2014 Ayr\u0131nt\u0131lar ve tam i\u00e7erik i\u00e7in <a href=\"https:\/\/news.google.com\/rss\/articles\/CBMixAFBVV95cUxOOXRoejJ6VzJyY3NaSEF2OVgyRkpqT2p2eDkzX2VobEZWQUF3M3Y0R3FnU3pMdER2SHk5OW9uM003X0YwUFBsNklhcFNyM1BCbFZaaS1tT2JkbWdxVnl2cEVibmR4Rk5nbkpzMzNiaWViX3I1cWk3amhaU1JJMzZCRFVZbFRNSURpN19CbVNUVjhIcWt6bEZra01WNmRNTjQ1Nm1wdWsyS2JFVGFCTkRWOHZyX3Q2Ujl4eHNYTUkzeWtWVUZh?oc=5\" target=\"_blank\" rel=\"nofollow noopener noreferrer\">\u00f6zg\u00fcn haberi a\u00e7\u0131n<\/a>.<\/p>\n<p><small>Bu kay\u0131t RSS haber havuzuna k\u0131sa kaynak \u00f6zeti olarak al\u0131nm\u0131\u015ft\u0131r; \u00f6zg\u00fcn metnin tamam\u0131 kopyalanmam\u0131\u015ft\u0131r.<\/small><\/p>\n<\/div>\n","protected":false},"excerpt":{"rendered":"<p>Onu Arnavut Kald\u0131r\u0131m\u0131 klibinden hat\u0131rl\u0131yoruz! \u015eimdi g\u00f6renler tan\u0131makta zorlan\u0131yor &#8211; Galeri &#8211; Trend Magazin Sabah<\/p>\n","protected":false},"author":1,"featured_media":0,"comment_status":"closed","ping_status":"closed","sticky":false,"template":"","format":"standard","meta":{"_yb_topic_hash":"59bac44d17f2686ee9d466ea93c1b6a8e1c65bf513d28a954f368c1ba02f6ce2","_yb_image_repair_status":"failed","_yb_image_repair_last":"2026-09-04 08:59:41","_yb_image_repair_attempts":1,"_yb_source_trust_score":93,"footnotes":""},"categories":[15],"tags":[108],"yb_news_series":[],"yb_language":[],"class_list":["post-8833","post","type-post","status-publish","format-standard","has-post-thumbnail","hentry","category-magazin","tag-canli-akis-magazin"],"blocksy_meta":[],"_links":{"self":[{"href":"https:\/\/yurtbakisi.com\/index.php?rest_route=\/wp\/v2\/posts\/8833","targetHints":{"allow":["GET"]}}],"collection":[{"href":"https:\/\/yurtbakisi.com\/index.php?rest_route=\/wp\/v2\/posts"}],"about":[{"href":"https:\/\/yurtbakisi.com\/index.php?rest_route=\/wp\/v2\/types\/post"}],"author":[{"embeddable":true,"href":"https:\/\/yurtbakisi.com\/index.php?rest_route=\/wp\/v2\/users\/1"}],"replies":[{"embeddable":true,"href":"https:\/\/yurtbakisi.com\/index.php?rest_route=%2Fwp%2Fv2%2Fcomments&post=8833"}],"version-history":[{"count":0,"href":"https:\/\/yurtbakisi.com\/index.php?rest_route=\/wp\/v2\/posts\/8833\/revisions"}],"wp:attachment":[{"href":"https:\/\/yurtbakisi.com\/index.php?rest_route=%2Fwp%2Fv2%2Fmedia&parent=8833"}],"wp:term":[{"taxonomy":"category","embeddable":true,"href":"https:\/\/yurtbakisi.com\/index.php?rest_route=%2Fwp%2Fv2%2Fcategories&post=8833"},{"taxonomy":"post_tag","embeddable":true,"href":"https:\/\/yurtbakisi.com\/index.php?rest_route=%2Fwp%2Fv2%2Ftags&post=8833"},{"taxonomy":"yb_news_series","embeddable":true,"href":"https:\/\/yurtbakisi.com\/index.php?rest_route=%2Fwp%2Fv2%2Fyb_news_series&post=8833"},{"taxonomy":"yb_language","embeddable":true,"href":"https:\/\/yurtbakisi.com\/index.php?rest_route=%2Fwp%2Fv2%2Fyb_language&post=8833"}],"curies":[{"name":"wp","href":"https:\/\/api.w.org\/{rel}","templated":true}]}}