{"id":8848,"date":"2026-09-04T10:28:20","date_gmt":"2026-09-04T07:28:20","guid":{"rendered":"https:\/\/yurtbakisi.com\/?p=8848"},"modified":"2026-09-04T10:28:20","modified_gmt":"2026-09-04T07:28:20","slug":"aile-saadeti-taner-olmez-esi-ve-cocuklariyla-tatil-pozlarini-paylasti-milliyet","status":"publish","type":"post","link":"https:\/\/yurtbakisi.com\/?p=8848","title":{"rendered":"Aile saadeti! Taner \u00d6lmez, e\u015fi ve \u00e7ocuklar\u0131yla tatil pozlar\u0131n\u0131 payla\u015ft\u0131 &#8211; Milliyet"},"content":{"rendered":"<div class=\"yb-imported-news-note\">\n<p>Aile saadeti! Taner \u00d6lmez, e\u015fi ve \u00e7ocuklar\u0131yla tatil pozlar\u0131n\u0131 payla\u015ft\u0131 Milliyet<\/p>\n<p><strong>Kaynak:<\/strong> Canl\u0131 Ak\u0131\u015f \u2014 Magazin \u2014 Ayr\u0131nt\u0131lar ve tam i\u00e7erik i\u00e7in <a href=\"https:\/\/news.google.com\/rss\/articles\/CBMivAFBVV95cUxORUF5ZjRBTXc3ZWdvZ3dVX3YwZnB1UWZfWjRCWURva0xPZUF1VHR4X3FWdWlKaEUzZk1uZkRwVUNMUDVkSlA5dzVGbFlsUzA1bk80alZLcXNIb2drNkQxZTJHZlF1eWx2UXA5SmZoRENMZW5mdmZ2amktV0NpZnFSdmx0cGp0VERrOVktVVlqQWdKV0FaN2tZM19VSjZqUVZmM3VUVnlONC1FWUVkOXMwOGc2SVFUZ0RHMVZJLQ?oc=5\" target=\"_blank\" rel=\"nofollow noopener noreferrer\">\u00f6zg\u00fcn haberi a\u00e7\u0131n<\/a>.<\/p>\n<p><small>Bu kay\u0131t RSS haber havuzuna k\u0131sa kaynak \u00f6zeti olarak al\u0131nm\u0131\u015ft\u0131r; \u00f6zg\u00fcn metnin tamam\u0131 kopyalanmam\u0131\u015ft\u0131r.<\/small><\/p>\n<\/div>\n","protected":false},"excerpt":{"rendered":"<p>Aile saadeti! Taner \u00d6lmez, e\u015fi ve \u00e7ocuklar\u0131yla tatil pozlar\u0131n\u0131 payla\u015ft\u0131 Milliyet<\/p>\n","protected":false},"author":1,"featured_media":0,"comment_status":"closed","ping_status":"closed","sticky":false,"template":"","format":"standard","meta":{"_yb_topic_hash":"36e27dd3adf51b1d5a2f1117ec83f6a920301395b1cdf2d935106a3e5db718b0","_yb_image_repair_status":"","_yb_image_repair_last":"","_yb_image_repair_attempts":0,"_yb_source_trust_score":93,"footnotes":""},"categories":[15],"tags":[108],"yb_news_series":[],"yb_language":[],"class_list":["post-8848","post","type-post","status-publish","format-standard","has-post-thumbnail","hentry","category-magazin","tag-canli-akis-magazin"],"blocksy_meta":[],"_links":{"self":[{"href":"https:\/\/yurtbakisi.com\/index.php?rest_route=\/wp\/v2\/posts\/8848","targetHints":{"allow":["GET"]}}],"collection":[{"href":"https:\/\/yurtbakisi.com\/index.php?rest_route=\/wp\/v2\/posts"}],"about":[{"href":"https:\/\/yurtbakisi.com\/index.php?rest_route=\/wp\/v2\/types\/post"}],"author":[{"embeddable":true,"href":"https:\/\/yurtbakisi.com\/index.php?rest_route=\/wp\/v2\/users\/1"}],"replies":[{"embeddable":true,"href":"https:\/\/yurtbakisi.com\/index.php?rest_route=%2Fwp%2Fv2%2Fcomments&post=8848"}],"version-history":[{"count":0,"href":"https:\/\/yurtbakisi.com\/index.php?rest_route=\/wp\/v2\/posts\/8848\/revisions"}],"wp:attachment":[{"href":"https:\/\/yurtbakisi.com\/index.php?rest_route=%2Fwp%2Fv2%2Fmedia&parent=8848"}],"wp:term":[{"taxonomy":"category","embeddable":true,"href":"https:\/\/yurtbakisi.com\/index.php?rest_route=%2Fwp%2Fv2%2Fcategories&post=8848"},{"taxonomy":"post_tag","embeddable":true,"href":"https:\/\/yurtbakisi.com\/index.php?rest_route=%2Fwp%2Fv2%2Ftags&post=8848"},{"taxonomy":"yb_news_series","embeddable":true,"href":"https:\/\/yurtbakisi.com\/index.php?rest_route=%2Fwp%2Fv2%2Fyb_news_series&post=8848"},{"taxonomy":"yb_language","embeddable":true,"href":"https:\/\/yurtbakisi.com\/index.php?rest_route=%2Fwp%2Fv2%2Fyb_language&post=8848"}],"curies":[{"name":"wp","href":"https:\/\/api.w.org\/{rel}","templated":true}]}}