{"id":8852,"date":"2026-09-04T11:03:39","date_gmt":"2026-09-04T08:03:39","guid":{"rendered":"https:\/\/yurtbakisi.com\/?p=8852"},"modified":"2026-09-04T11:03:51","modified_gmt":"2026-09-04T08:03:51","slug":"milli-mucadelenin-mihenk-tasi-sivas-kongresi-107-yasinda","status":"publish","type":"post","link":"https:\/\/yurtbakisi.com\/?p=8852","title":{"rendered":"Milli M\u00fccadele&#039;nin mihenk ta\u015f\u0131 Sivas Kongresi 107 ya\u015f\u0131nda"},"content":{"rendered":"<p>Milli M\u00fccadele&#039;nin mihenk ta\u015f\u0131 Sivas Kongresi&#039;nin 107. y\u0131l\u0131 kutlan\u0131yor. 4 Eyl\u00fcl 1919\u2019da toplanan Sivas Kongresi\u2019nde manda ve himaye reddedildi, Cumhuriyet&#039;in temeli at\u0131ld\u0131.<\/p>\n<p><strong>Kaynak:<\/strong> TRT Haber \u2014 <a href=\"https:\/\/www.trthaber.com\/haber\/gundem\/milli-mucadelenin-mihenk-tasi-sivas-kongresi-107-yasinda-955786.html\" target=\"_blank\" rel=\"nofollow noopener\">Haberin devam\u0131n\u0131 \u00f6zg\u00fcn kayna\u011f\u0131nda oku<\/a><\/p>\n","protected":false},"excerpt":{"rendered":"<p>Milli M\u00fccadele&#8217;nin mihenk ta\u015f\u0131 Sivas Kongresi&#8217;nin 107. y\u0131l\u0131 kutlan\u0131yor. 4 Eyl\u00fcl 1919\u2019da toplanan Sivas Kongresi\u2019nde manda ve himaye reddedildi, Cumhuriyet&#8217;in temeli at\u0131ld\u0131.<\/p>\n","protected":false},"author":0,"featured_media":8853,"comment_status":"closed","ping_status":"closed","sticky":false,"template":"","format":"standard","meta":{"_yb_topic_hash":"73c73c12a7a7c24632d2cd640a1fb08ce91d318707fe8624073f9a87dd9be183","_yb_image_repair_status":"","_yb_image_repair_last":"","_yb_image_repair_attempts":0,"_yb_source_trust_score":0,"footnotes":""},"categories":[153],"tags":[],"yb_news_series":[],"yb_language":[],"class_list":["post-8852","post","type-post","status-publish","format-standard","has-post-thumbnail","hentry","category-gundem"],"blocksy_meta":[],"_links":{"self":[{"href":"https:\/\/yurtbakisi.com\/index.php?rest_route=\/wp\/v2\/posts\/8852","targetHints":{"allow":["GET"]}}],"collection":[{"href":"https:\/\/yurtbakisi.com\/index.php?rest_route=\/wp\/v2\/posts"}],"about":[{"href":"https:\/\/yurtbakisi.com\/index.php?rest_route=\/wp\/v2\/types\/post"}],"replies":[{"embeddable":true,"href":"https:\/\/yurtbakisi.com\/index.php?rest_route=%2Fwp%2Fv2%2Fcomments&post=8852"}],"version-history":[{"count":1,"href":"https:\/\/yurtbakisi.com\/index.php?rest_route=\/wp\/v2\/posts\/8852\/revisions"}],"predecessor-version":[{"id":8854,"href":"https:\/\/yurtbakisi.com\/index.php?rest_route=\/wp\/v2\/posts\/8852\/revisions\/8854"}],"wp:featuredmedia":[{"embeddable":true,"href":"https:\/\/yurtbakisi.com\/index.php?rest_route=\/wp\/v2\/media\/8853"}],"wp:attachment":[{"href":"https:\/\/yurtbakisi.com\/index.php?rest_route=%2Fwp%2Fv2%2Fmedia&parent=8852"}],"wp:term":[{"taxonomy":"category","embeddable":true,"href":"https:\/\/yurtbakisi.com\/index.php?rest_route=%2Fwp%2Fv2%2Fcategories&post=8852"},{"taxonomy":"post_tag","embeddable":true,"href":"https:\/\/yurtbakisi.com\/index.php?rest_route=%2Fwp%2Fv2%2Ftags&post=8852"},{"taxonomy":"yb_news_series","embeddable":true,"href":"https:\/\/yurtbakisi.com\/index.php?rest_route=%2Fwp%2Fv2%2Fyb_news_series&post=8852"},{"taxonomy":"yb_language","embeddable":true,"href":"https:\/\/yurtbakisi.com\/index.php?rest_route=%2Fwp%2Fv2%2Fyb_language&post=8852"}],"curies":[{"name":"wp","href":"https:\/\/api.w.org\/{rel}","templated":true}]}}