{"id":8859,"date":"2026-09-04T06:54:09","date_gmt":"2026-09-04T03:54:09","guid":{"rendered":"https:\/\/yurtbakisi.com\/?p=8859"},"modified":"2026-09-04T06:54:09","modified_gmt":"2026-09-04T03:54:09","slug":"sarkici-berkayin-esi-isyan-etti-ozlem-ada-sahin-3-cocuktan-sonra-cok-zorlaniyormus-galeri-trend-magazin-sabah-com-tr","status":"publish","type":"post","link":"https:\/\/yurtbakisi.com\/?p=8859","title":{"rendered":"\u015eark\u0131c\u0131 Berkay&#8217;\u0131n e\u015fi isyan etti! \u00d6zlem Ada \u015eahin, 3. \u00e7ocuktan sonra \u00e7ok zorlan\u0131yormu\u015f &#8211; Galeri &#8211; Trend Magazin &#8211; sabah.com.tr"},"content":{"rendered":"<div class=\"yb-imported-news-note\">\n<p>\u015eark\u0131c\u0131 Berkay&#039;\u0131n e\u015fi isyan etti! \u00d6zlem Ada \u015eahin, 3. \u00e7ocuktan sonra \u00e7ok zorlan\u0131yormu\u015f &#8211; Galeri &#8211; Trend Magazin sabah.com.tr<\/p>\n<p><strong>Kaynak:<\/strong> Canl\u0131 Ak\u0131\u015f \u2014 Sosyal Medya \u2014 Ayr\u0131nt\u0131lar ve tam i\u00e7erik i\u00e7in <a href=\"https:\/\/news.google.com\/rss\/articles\/CBMixwFBVV95cUxONmxZdFYzdXhPRHkyXy1FVV9VY1huT3IzNHVpMHk1ekFpcG96VVdYMWd0YXZtT1FnVHBBb0xqdEJCV3dJV3NCQkgwN0IxYkYxOFlUXy02T2k3empRWHVqSDEzX3FiX0NmYmNFZmpONWxyOTZ6NnFFdkFzQzk0TWpsVDl6ZUhUVlpiMmsta1RNRi1zUUoxaTdIWEdSWkxkLWRqeDViTFU5U2p2UksxajZxbjR3SEhzS1ItT2hXYWJMcV9kT0FhMTA4?oc=5\" target=\"_blank\" rel=\"nofollow noopener noreferrer\">\u00f6zg\u00fcn haberi a\u00e7\u0131n<\/a>.<\/p>\n<p><small>Bu kay\u0131t RSS haber havuzuna k\u0131sa kaynak \u00f6zeti olarak al\u0131nm\u0131\u015ft\u0131r; \u00f6zg\u00fcn metnin tamam\u0131 kopyalanmam\u0131\u015ft\u0131r.<\/small><\/p>\n<\/div>\n","protected":false},"excerpt":{"rendered":"<p>\u015eark\u0131c\u0131 Berkay&#8217;\u0131n e\u015fi isyan etti! \u00d6zlem Ada \u015eahin, 3. \u00e7ocuktan sonra \u00e7ok zorlan\u0131yormu\u015f &#8211; Galeri &#8211; Trend Magazin sabah.com.tr<\/p>\n","protected":false},"author":1,"featured_media":0,"comment_status":"closed","ping_status":"closed","sticky":false,"template":"","format":"standard","meta":{"_yb_topic_hash":"28adc4a55f669536a4009618ac9bafe78651106545d980b6e935f759460c9467","_yb_image_repair_status":"","_yb_image_repair_last":"","_yb_image_repair_attempts":0,"_yb_source_trust_score":88,"footnotes":""},"categories":[5,8],"tags":[118,109,117,110],"yb_news_series":[],"yb_language":[],"class_list":["post-8859","post","type-post","status-publish","format-standard","has-post-thumbnail","hentry","category-muzik","category-sosyal-medya","tag-canli-akis-sosyal-medya","tag-muzik","tag-sosyal-medya","tag-unluler"],"blocksy_meta":[],"_links":{"self":[{"href":"https:\/\/yurtbakisi.com\/index.php?rest_route=\/wp\/v2\/posts\/8859","targetHints":{"allow":["GET"]}}],"collection":[{"href":"https:\/\/yurtbakisi.com\/index.php?rest_route=\/wp\/v2\/posts"}],"about":[{"href":"https:\/\/yurtbakisi.com\/index.php?rest_route=\/wp\/v2\/types\/post"}],"author":[{"embeddable":true,"href":"https:\/\/yurtbakisi.com\/index.php?rest_route=\/wp\/v2\/users\/1"}],"replies":[{"embeddable":true,"href":"https:\/\/yurtbakisi.com\/index.php?rest_route=%2Fwp%2Fv2%2Fcomments&post=8859"}],"version-history":[{"count":0,"href":"https:\/\/yurtbakisi.com\/index.php?rest_route=\/wp\/v2\/posts\/8859\/revisions"}],"wp:attachment":[{"href":"https:\/\/yurtbakisi.com\/index.php?rest_route=%2Fwp%2Fv2%2Fmedia&parent=8859"}],"wp:term":[{"taxonomy":"category","embeddable":true,"href":"https:\/\/yurtbakisi.com\/index.php?rest_route=%2Fwp%2Fv2%2Fcategories&post=8859"},{"taxonomy":"post_tag","embeddable":true,"href":"https:\/\/yurtbakisi.com\/index.php?rest_route=%2Fwp%2Fv2%2Ftags&post=8859"},{"taxonomy":"yb_news_series","embeddable":true,"href":"https:\/\/yurtbakisi.com\/index.php?rest_route=%2Fwp%2Fv2%2Fyb_news_series&post=8859"},{"taxonomy":"yb_language","embeddable":true,"href":"https:\/\/yurtbakisi.com\/index.php?rest_route=%2Fwp%2Fv2%2Fyb_language&post=8859"}],"curies":[{"name":"wp","href":"https:\/\/api.w.org\/{rel}","templated":true}]}}