{"id":8860,"date":"2026-09-04T11:29:55","date_gmt":"2026-09-04T08:29:55","guid":{"rendered":"https:\/\/yurtbakisi.com\/?p=8860"},"modified":"2026-09-04T11:29:55","modified_gmt":"2026-09-04T08:29:55","slug":"sao-nhap-ngu-unluler-orduya-katiliyor-programindaki-bayilma-olayindan-sonra-thuy-ngan-nasil-tepki-verdi-vietnam-vn","status":"publish","type":"post","link":"https:\/\/yurtbakisi.com\/?p=8860","title":{"rendered":"&#8216;Sao Nh\u1eadp Ng\u0169&#8217; (\u00dcnl\u00fcler Orduya Kat\u0131l\u0131yor) program\u0131ndaki bay\u0131lma olay\u0131ndan sonra Th\u00fay Ng\u00e2n nas\u0131l tepki verdi? &#8211; Vietnam.vn"},"content":{"rendered":"<div class=\"yb-imported-news-note\">\n<p>&#039;Sao Nh\u1eadp Ng\u0169&#039; (\u00dcnl\u00fcler Orduya Kat\u0131l\u0131yor) program\u0131ndaki bay\u0131lma olay\u0131ndan sonra Th\u00fay Ng\u00e2n nas\u0131l tepki verdi? Vietnam.vn<\/p>\n<p><strong>Kaynak:<\/strong> Canl\u0131 Ak\u0131\u015f \u2014 Magazin \u2014 Ayr\u0131nt\u0131lar ve tam i\u00e7erik i\u00e7in <a href=\"https:\/\/news.google.com\/rss\/articles\/CBMijgFBVV95cUxQWVBKZ2Nab1FydlA3bk5naGFwRWVaVVRVcFpSLUtxdzRmVlRYZ2tBTm8zbjVpbE5PODdUWFhKQlpHNXFCUWtXclJBOVB2VDRiaFhITzJrb2Z0Q2NEa25RV3dhay0tc3c0OGxHSGNZQm80ZXRqaWlyNmZjaWlENy1yWjFTTElnZS00WHFxTHJR?oc=5\" target=\"_blank\" rel=\"nofollow noopener noreferrer\">\u00f6zg\u00fcn haberi a\u00e7\u0131n<\/a>.<\/p>\n<p><small>Bu kay\u0131t RSS haber havuzuna k\u0131sa kaynak \u00f6zeti olarak al\u0131nm\u0131\u015ft\u0131r; \u00f6zg\u00fcn metnin tamam\u0131 kopyalanmam\u0131\u015ft\u0131r.<\/small><\/p>\n<\/div>\n","protected":false},"excerpt":{"rendered":"<p>&#8216;Sao Nh\u1eadp Ng\u0169&#8217; (\u00dcnl\u00fcler Orduya Kat\u0131l\u0131yor) program\u0131ndaki bay\u0131lma olay\u0131ndan sonra Th\u00fay Ng\u00e2n nas\u0131l tepki verdi? Vietnam.vn<\/p>\n","protected":false},"author":1,"featured_media":0,"comment_status":"closed","ping_status":"closed","sticky":false,"template":"","format":"standard","meta":{"_yb_topic_hash":"dadabe11fece20129e8ce927c91a9e0357995b6ba68de347027cba61d43d6de3","_yb_image_repair_status":"","_yb_image_repair_last":"","_yb_image_repair_attempts":0,"_yb_source_trust_score":93,"footnotes":""},"categories":[15],"tags":[108,110],"yb_news_series":[],"yb_language":[],"class_list":["post-8860","post","type-post","status-publish","format-standard","has-post-thumbnail","hentry","category-magazin","tag-canli-akis-magazin","tag-unluler"],"blocksy_meta":[],"_links":{"self":[{"href":"https:\/\/yurtbakisi.com\/index.php?rest_route=\/wp\/v2\/posts\/8860","targetHints":{"allow":["GET"]}}],"collection":[{"href":"https:\/\/yurtbakisi.com\/index.php?rest_route=\/wp\/v2\/posts"}],"about":[{"href":"https:\/\/yurtbakisi.com\/index.php?rest_route=\/wp\/v2\/types\/post"}],"author":[{"embeddable":true,"href":"https:\/\/yurtbakisi.com\/index.php?rest_route=\/wp\/v2\/users\/1"}],"replies":[{"embeddable":true,"href":"https:\/\/yurtbakisi.com\/index.php?rest_route=%2Fwp%2Fv2%2Fcomments&post=8860"}],"version-history":[{"count":0,"href":"https:\/\/yurtbakisi.com\/index.php?rest_route=\/wp\/v2\/posts\/8860\/revisions"}],"wp:attachment":[{"href":"https:\/\/yurtbakisi.com\/index.php?rest_route=%2Fwp%2Fv2%2Fmedia&parent=8860"}],"wp:term":[{"taxonomy":"category","embeddable":true,"href":"https:\/\/yurtbakisi.com\/index.php?rest_route=%2Fwp%2Fv2%2Fcategories&post=8860"},{"taxonomy":"post_tag","embeddable":true,"href":"https:\/\/yurtbakisi.com\/index.php?rest_route=%2Fwp%2Fv2%2Ftags&post=8860"},{"taxonomy":"yb_news_series","embeddable":true,"href":"https:\/\/yurtbakisi.com\/index.php?rest_route=%2Fwp%2Fv2%2Fyb_news_series&post=8860"},{"taxonomy":"yb_language","embeddable":true,"href":"https:\/\/yurtbakisi.com\/index.php?rest_route=%2Fwp%2Fv2%2Fyb_language&post=8860"}],"curies":[{"name":"wp","href":"https:\/\/api.w.org\/{rel}","templated":true}]}}