{"id":8861,"date":"2026-09-04T11:07:25","date_gmt":"2026-09-04T08:07:25","guid":{"rendered":"https:\/\/yurtbakisi.com\/?p=8861"},"modified":"2026-09-04T11:07:25","modified_gmt":"2026-09-04T08:07:25","slug":"kurtulus-kus-konserinde-kriz-sahneyi-terk-etti-ortalik-karisti-milliyet","status":"publish","type":"post","link":"https:\/\/yurtbakisi.com\/?p=8861","title":{"rendered":"Kurtulu\u015f Ku\u015f konserinde kriz! Sahneyi terk etti, ortal\u0131k kar\u0131\u015ft\u0131 &#8211; Milliyet"},"content":{"rendered":"<div class=\"yb-imported-news-note\">\n<p>Kurtulu\u015f Ku\u015f konserinde kriz! Sahneyi terk etti, ortal\u0131k kar\u0131\u015ft\u0131 Milliyet<\/p>\n<p><strong>Kaynak:<\/strong> Canl\u0131 Ak\u0131\u015f \u2014 Magazin \u2014 Ayr\u0131nt\u0131lar ve tam i\u00e7erik i\u00e7in <a href=\"https:\/\/news.google.com\/rss\/articles\/CBMiswFBVV95cUxPT1NQcEJOWlJkR0hLV3QwSjgwd194dWo3TzZ0bXZYRV9xcFJKYW92ZE01MW1xMklQUVpzMkNKUEoyajk5VUV4cm1OYmRiZS1qT3I3TURsSTM4UEQzcld3a1AzV1MyQmxsTTRvYWlFUWh3S2hHZHNncUtnVVlleGp2ZW94TWltNTM5amVJMXBuVy03OTZ3aDE1UTI4aFlxWmpKdzhmeUgzWldBUWVXQVZGVUJJYw?oc=5\" target=\"_blank\" rel=\"nofollow noopener noreferrer\">\u00f6zg\u00fcn haberi a\u00e7\u0131n<\/a>.<\/p>\n<p><small>Bu kay\u0131t RSS haber havuzuna k\u0131sa kaynak \u00f6zeti olarak al\u0131nm\u0131\u015ft\u0131r; \u00f6zg\u00fcn metnin tamam\u0131 kopyalanmam\u0131\u015ft\u0131r.<\/small><\/p>\n<\/div>\n","protected":false},"excerpt":{"rendered":"<p>Kurtulu\u015f Ku\u015f konserinde kriz! Sahneyi terk etti, ortal\u0131k kar\u0131\u015ft\u0131 Milliyet<\/p>\n","protected":false},"author":1,"featured_media":0,"comment_status":"closed","ping_status":"closed","sticky":false,"template":"","format":"standard","meta":{"_yb_topic_hash":"f120bf96d95b6b2a763576e027c2c5163bdb8b0ae9889763d27115ca8b85fd31","_yb_image_repair_status":"","_yb_image_repair_last":"","_yb_image_repair_attempts":0,"_yb_source_trust_score":93,"footnotes":""},"categories":[39,15,5],"tags":[108,109],"yb_news_series":[],"yb_language":[],"class_list":["post-8861","post","type-post","status-publish","format-standard","has-post-thumbnail","hentry","category-konserler","category-magazin","category-muzik","tag-canli-akis-magazin","tag-muzik"],"blocksy_meta":[],"_links":{"self":[{"href":"https:\/\/yurtbakisi.com\/index.php?rest_route=\/wp\/v2\/posts\/8861","targetHints":{"allow":["GET"]}}],"collection":[{"href":"https:\/\/yurtbakisi.com\/index.php?rest_route=\/wp\/v2\/posts"}],"about":[{"href":"https:\/\/yurtbakisi.com\/index.php?rest_route=\/wp\/v2\/types\/post"}],"author":[{"embeddable":true,"href":"https:\/\/yurtbakisi.com\/index.php?rest_route=\/wp\/v2\/users\/1"}],"replies":[{"embeddable":true,"href":"https:\/\/yurtbakisi.com\/index.php?rest_route=%2Fwp%2Fv2%2Fcomments&post=8861"}],"version-history":[{"count":0,"href":"https:\/\/yurtbakisi.com\/index.php?rest_route=\/wp\/v2\/posts\/8861\/revisions"}],"wp:attachment":[{"href":"https:\/\/yurtbakisi.com\/index.php?rest_route=%2Fwp%2Fv2%2Fmedia&parent=8861"}],"wp:term":[{"taxonomy":"category","embeddable":true,"href":"https:\/\/yurtbakisi.com\/index.php?rest_route=%2Fwp%2Fv2%2Fcategories&post=8861"},{"taxonomy":"post_tag","embeddable":true,"href":"https:\/\/yurtbakisi.com\/index.php?rest_route=%2Fwp%2Fv2%2Ftags&post=8861"},{"taxonomy":"yb_news_series","embeddable":true,"href":"https:\/\/yurtbakisi.com\/index.php?rest_route=%2Fwp%2Fv2%2Fyb_news_series&post=8861"},{"taxonomy":"yb_language","embeddable":true,"href":"https:\/\/yurtbakisi.com\/index.php?rest_route=%2Fwp%2Fv2%2Fyb_language&post=8861"}],"curies":[{"name":"wp","href":"https:\/\/api.w.org\/{rel}","templated":true}]}}