{"id":8864,"date":"2026-09-04T12:02:02","date_gmt":"2026-09-04T09:02:02","guid":{"rendered":"https:\/\/yurtbakisi.com\/?p=8864"},"modified":"2026-09-04T12:02:11","modified_gmt":"2026-09-04T09:02:11","slug":"cumhurbaskani-erdogan-sivas-kongresi-ruhu-turkiye-yuzyili-hedefimizde-en-guclu-motivasyon-kaynagimizdir","status":"publish","type":"post","link":"https:\/\/yurtbakisi.com\/?p=8864","title":{"rendered":"Cumhurba\u015fkan\u0131 Erdo\u011fan: Sivas Kongresi ruhu T\u00fcrkiye Y\u00fczy\u0131l\u0131 hedefimizde en g\u00fc\u00e7l\u00fc motivasyon kayna\u011f\u0131m\u0131zd\u0131r"},"content":{"rendered":"<p>Cumhurba\u015fkan\u0131 Erdo\u011fan, &quot;Sivas Kongresi, Anadolu\u2019da farkl\u0131 cephelerde faaliyet g\u00f6steren milli g\u00fc\u00e7lerin m\u00fc\u015fterek bir ideal etraf\u0131nda birle\u015fmelerini sa\u011flayan tarihi bir d\u00f6neme\u00e7tir&quot; dedi.<\/p>\n<p><strong>Kaynak:<\/strong> TRT Haber \u2014 <a href=\"https:\/\/www.trthaber.com\/haber\/gundem\/cumhurbaskani-erdogan-sivas-kongresi-ruhu-turkiye-yuzyili-hedefimizde-en-guclu-motivasyon-kaynagimizdir-955858.html\" target=\"_blank\" rel=\"nofollow noopener\">Haberin devam\u0131n\u0131 \u00f6zg\u00fcn kayna\u011f\u0131nda oku<\/a><\/p>\n","protected":false},"excerpt":{"rendered":"<p>Cumhurba\u015fkan\u0131 Erdo\u011fan, &#8220;Sivas Kongresi, Anadolu\u2019da farkl\u0131 cephelerde faaliyet g\u00f6steren milli g\u00fc\u00e7lerin m\u00fc\u015fterek bir ideal etraf\u0131nda birle\u015fmelerini sa\u011flayan tarihi bir d\u00f6neme\u00e7tir&#8221; dedi.<\/p>\n","protected":false},"author":0,"featured_media":8865,"comment_status":"closed","ping_status":"closed","sticky":false,"template":"","format":"standard","meta":{"_yb_topic_hash":"ae5e9697d5a37eaa15ee7c719692a96d72af111dca27cf63bd25e96f455f75ba","_yb_image_repair_status":"","_yb_image_repair_last":"","_yb_image_repair_attempts":0,"_yb_source_trust_score":0,"footnotes":""},"categories":[153],"tags":[],"yb_news_series":[],"yb_language":[],"class_list":["post-8864","post","type-post","status-publish","format-standard","has-post-thumbnail","hentry","category-gundem"],"blocksy_meta":[],"_links":{"self":[{"href":"https:\/\/yurtbakisi.com\/index.php?rest_route=\/wp\/v2\/posts\/8864","targetHints":{"allow":["GET"]}}],"collection":[{"href":"https:\/\/yurtbakisi.com\/index.php?rest_route=\/wp\/v2\/posts"}],"about":[{"href":"https:\/\/yurtbakisi.com\/index.php?rest_route=\/wp\/v2\/types\/post"}],"replies":[{"embeddable":true,"href":"https:\/\/yurtbakisi.com\/index.php?rest_route=%2Fwp%2Fv2%2Fcomments&post=8864"}],"version-history":[{"count":1,"href":"https:\/\/yurtbakisi.com\/index.php?rest_route=\/wp\/v2\/posts\/8864\/revisions"}],"predecessor-version":[{"id":8866,"href":"https:\/\/yurtbakisi.com\/index.php?rest_route=\/wp\/v2\/posts\/8864\/revisions\/8866"}],"wp:featuredmedia":[{"embeddable":true,"href":"https:\/\/yurtbakisi.com\/index.php?rest_route=\/wp\/v2\/media\/8865"}],"wp:attachment":[{"href":"https:\/\/yurtbakisi.com\/index.php?rest_route=%2Fwp%2Fv2%2Fmedia&parent=8864"}],"wp:term":[{"taxonomy":"category","embeddable":true,"href":"https:\/\/yurtbakisi.com\/index.php?rest_route=%2Fwp%2Fv2%2Fcategories&post=8864"},{"taxonomy":"post_tag","embeddable":true,"href":"https:\/\/yurtbakisi.com\/index.php?rest_route=%2Fwp%2Fv2%2Ftags&post=8864"},{"taxonomy":"yb_news_series","embeddable":true,"href":"https:\/\/yurtbakisi.com\/index.php?rest_route=%2Fwp%2Fv2%2Fyb_news_series&post=8864"},{"taxonomy":"yb_language","embeddable":true,"href":"https:\/\/yurtbakisi.com\/index.php?rest_route=%2Fwp%2Fv2%2Fyb_language&post=8864"}],"curies":[{"name":"wp","href":"https:\/\/api.w.org\/{rel}","templated":true}]}}