{"id":8872,"date":"2026-09-04T12:56:38","date_gmt":"2026-09-04T09:56:38","guid":{"rendered":"https:\/\/yurtbakisi.com\/?p=8872"},"modified":"2026-09-04T12:56:46","modified_gmt":"2026-09-04T09:56:46","slug":"meb-ogretmen-onluklerinin-standartlarini-belirledi","status":"publish","type":"post","link":"https:\/\/yurtbakisi.com\/?p=8872","title":{"rendered":"MEB \u00f6\u011fretmen \u00f6nl\u00fcklerinin standartlar\u0131n\u0131 belirledi"},"content":{"rendered":"<p>Milli E\u011fitim Bakanl\u0131\u011f\u0131 (MEB), \u00f6\u011fretmenlerin g\u00f6revleri s\u0131ras\u0131nda giyecekleri \u00f6nl\u00fcklerin tasar\u0131m, kullan\u0131m ve teknik \u00f6zelliklerine ili\u015fkin standartlar\u0131 belirleyen &quot;\u00d6\u011fretmen \u00d6nl\u00fc\u011f\u00fc Standartlar\u0131 K\u0131lavuzu&quot;nu yay\u0131mlad\u0131<\/p>\n<p><strong>Kaynak:<\/strong> TRT Haber \u2014 <a href=\"https:\/\/www.trthaber.com\/haber\/gundem\/meb-ogretmen-onluklerinin-standartlarini-belirledi-955879.html\" target=\"_blank\" rel=\"nofollow noopener\">Haberin devam\u0131n\u0131 \u00f6zg\u00fcn kayna\u011f\u0131nda oku<\/a><\/p>\n","protected":false},"excerpt":{"rendered":"<p>Milli E\u011fitim Bakanl\u0131\u011f\u0131 (MEB), \u00f6\u011fretmenlerin g\u00f6revleri s\u0131ras\u0131nda giyecekleri \u00f6nl\u00fcklerin tasar\u0131m, kullan\u0131m ve teknik \u00f6zelliklerine ili\u015fkin standartlar\u0131 belirleyen &#8220;\u00d6\u011fretmen \u00d6nl\u00fc\u011f\u00fc Standartlar\u0131 K\u0131lavuzu&#8221;nu yay\u0131mlad\u0131<\/p>\n","protected":false},"author":0,"featured_media":8873,"comment_status":"closed","ping_status":"closed","sticky":false,"template":"","format":"standard","meta":{"_yb_topic_hash":"c48d21244def08e37b4269179eab58bf1c67962ae0a091e157011d1beb958555","_yb_image_repair_status":"","_yb_image_repair_last":"","_yb_image_repair_attempts":0,"_yb_source_trust_score":0,"footnotes":""},"categories":[157,153],"tags":[],"yb_news_series":[],"yb_language":[],"class_list":["post-8872","post","type-post","status-publish","format-standard","has-post-thumbnail","hentry","category-egitim","category-gundem"],"blocksy_meta":[],"_links":{"self":[{"href":"https:\/\/yurtbakisi.com\/index.php?rest_route=\/wp\/v2\/posts\/8872","targetHints":{"allow":["GET"]}}],"collection":[{"href":"https:\/\/yurtbakisi.com\/index.php?rest_route=\/wp\/v2\/posts"}],"about":[{"href":"https:\/\/yurtbakisi.com\/index.php?rest_route=\/wp\/v2\/types\/post"}],"replies":[{"embeddable":true,"href":"https:\/\/yurtbakisi.com\/index.php?rest_route=%2Fwp%2Fv2%2Fcomments&post=8872"}],"version-history":[{"count":1,"href":"https:\/\/yurtbakisi.com\/index.php?rest_route=\/wp\/v2\/posts\/8872\/revisions"}],"predecessor-version":[{"id":8874,"href":"https:\/\/yurtbakisi.com\/index.php?rest_route=\/wp\/v2\/posts\/8872\/revisions\/8874"}],"wp:featuredmedia":[{"embeddable":true,"href":"https:\/\/yurtbakisi.com\/index.php?rest_route=\/wp\/v2\/media\/8873"}],"wp:attachment":[{"href":"https:\/\/yurtbakisi.com\/index.php?rest_route=%2Fwp%2Fv2%2Fmedia&parent=8872"}],"wp:term":[{"taxonomy":"category","embeddable":true,"href":"https:\/\/yurtbakisi.com\/index.php?rest_route=%2Fwp%2Fv2%2Fcategories&post=8872"},{"taxonomy":"post_tag","embeddable":true,"href":"https:\/\/yurtbakisi.com\/index.php?rest_route=%2Fwp%2Fv2%2Ftags&post=8872"},{"taxonomy":"yb_news_series","embeddable":true,"href":"https:\/\/yurtbakisi.com\/index.php?rest_route=%2Fwp%2Fv2%2Fyb_news_series&post=8872"},{"taxonomy":"yb_language","embeddable":true,"href":"https:\/\/yurtbakisi.com\/index.php?rest_route=%2Fwp%2Fv2%2Fyb_language&post=8872"}],"curies":[{"name":"wp","href":"https:\/\/api.w.org\/{rel}","templated":true}]}}