{"id":8896,"date":"2026-09-04T13:02:40","date_gmt":"2026-09-04T10:02:40","guid":{"rendered":"https:\/\/yurtbakisi.com\/?p=8896"},"modified":"2026-09-04T13:02:48","modified_gmt":"2026-09-04T10:02:48","slug":"kpss-maratonu-pazar-gunu-baslayacak","status":"publish","type":"post","link":"https:\/\/yurtbakisi.com\/?p=8896","title":{"rendered":"KPSS maratonu pazar g\u00fcn\u00fc ba\u015flayacak"},"content":{"rendered":"<p>Kamu Personeli Se\u00e7me S\u0131nav\u0131 (KPSS) s\u00fcreci, \u00d6l\u00e7me, Se\u00e7me ve Yerle\u015ftirme Merkezince (\u00d6SYM) 6 Eyl\u00fcl Pazar g\u00fcn\u00fc yap\u0131lacak Genel Yetenek-Genel K\u00fclt\u00fcr oturumuyla ba\u015flayacak.<\/p>\n<p><strong>Kaynak:<\/strong> TRT Haber \u2014 <a href=\"https:\/\/www.trthaber.com\/haber\/gundem\/kpss-maratonu-pazar-gunu-baslayacak-955875.html\" target=\"_blank\" rel=\"nofollow noopener\">Haberin devam\u0131n\u0131 \u00f6zg\u00fcn kayna\u011f\u0131nda oku<\/a><\/p>\n","protected":false},"excerpt":{"rendered":"<p>Kamu Personeli Se\u00e7me S\u0131nav\u0131 (KPSS) s\u00fcreci, \u00d6l\u00e7me, Se\u00e7me ve Yerle\u015ftirme Merkezince (\u00d6SYM) 6 Eyl\u00fcl Pazar g\u00fcn\u00fc yap\u0131lacak Genel Yetenek-Genel K\u00fclt\u00fcr oturumuyla ba\u015flayacak.<\/p>\n","protected":false},"author":0,"featured_media":8897,"comment_status":"closed","ping_status":"closed","sticky":false,"template":"","format":"standard","meta":{"_yb_topic_hash":"33ed79d898aed64f958fe741df04101ff7a37fd7f2d48e0c44d80b5bcfe92822","_yb_image_repair_status":"","_yb_image_repair_last":"","_yb_image_repair_attempts":0,"_yb_source_trust_score":0,"footnotes":""},"categories":[153],"tags":[111],"yb_news_series":[],"yb_language":[],"class_list":["post-8896","post","type-post","status-publish","format-standard","has-post-thumbnail","hentry","category-gundem","tag-kultur-sanat"],"blocksy_meta":[],"_links":{"self":[{"href":"https:\/\/yurtbakisi.com\/index.php?rest_route=\/wp\/v2\/posts\/8896","targetHints":{"allow":["GET"]}}],"collection":[{"href":"https:\/\/yurtbakisi.com\/index.php?rest_route=\/wp\/v2\/posts"}],"about":[{"href":"https:\/\/yurtbakisi.com\/index.php?rest_route=\/wp\/v2\/types\/post"}],"replies":[{"embeddable":true,"href":"https:\/\/yurtbakisi.com\/index.php?rest_route=%2Fwp%2Fv2%2Fcomments&post=8896"}],"version-history":[{"count":1,"href":"https:\/\/yurtbakisi.com\/index.php?rest_route=\/wp\/v2\/posts\/8896\/revisions"}],"predecessor-version":[{"id":8898,"href":"https:\/\/yurtbakisi.com\/index.php?rest_route=\/wp\/v2\/posts\/8896\/revisions\/8898"}],"wp:featuredmedia":[{"embeddable":true,"href":"https:\/\/yurtbakisi.com\/index.php?rest_route=\/wp\/v2\/media\/8897"}],"wp:attachment":[{"href":"https:\/\/yurtbakisi.com\/index.php?rest_route=%2Fwp%2Fv2%2Fmedia&parent=8896"}],"wp:term":[{"taxonomy":"category","embeddable":true,"href":"https:\/\/yurtbakisi.com\/index.php?rest_route=%2Fwp%2Fv2%2Fcategories&post=8896"},{"taxonomy":"post_tag","embeddable":true,"href":"https:\/\/yurtbakisi.com\/index.php?rest_route=%2Fwp%2Fv2%2Ftags&post=8896"},{"taxonomy":"yb_news_series","embeddable":true,"href":"https:\/\/yurtbakisi.com\/index.php?rest_route=%2Fwp%2Fv2%2Fyb_news_series&post=8896"},{"taxonomy":"yb_language","embeddable":true,"href":"https:\/\/yurtbakisi.com\/index.php?rest_route=%2Fwp%2Fv2%2Fyb_language&post=8896"}],"curies":[{"name":"wp","href":"https:\/\/api.w.org\/{rel}","templated":true}]}}