{"id":8904,"date":"2026-09-04T13:12:32","date_gmt":"2026-09-04T10:12:32","guid":{"rendered":"https:\/\/yurtbakisi.com\/?p=8904"},"modified":"2026-09-04T13:12:32","modified_gmt":"2026-09-04T10:12:32","slug":"fenomen-diziler-bir-bir-ertelendi-now-tv-kararini-verdi-magazin-haberleri-mynet","status":"publish","type":"post","link":"https:\/\/yurtbakisi.com\/?p=8904","title":{"rendered":"Fenomen diziler bir bir ertelendi! Now Tv karar\u0131n\u0131 verdi &#8211; Magazin Haberleri &#8211; Mynet"},"content":{"rendered":"<div class=\"yb-imported-news-note\">\n<p>Fenomen diziler bir bir ertelendi! Now Tv karar\u0131n\u0131 verdi &#8211; Magazin Haberleri Mynet<\/p>\n<p><strong>Kaynak:<\/strong> Canl\u0131 Ak\u0131\u015f \u2014 Magazin \u2014 Ayr\u0131nt\u0131lar ve tam i\u00e7erik i\u00e7in <a href=\"https:\/\/news.google.com\/rss\/articles\/CBMinwFBVV95cUxPQ096N1o2eFpjSHI3VXJ5M204cURTU29UMnd2eVV4Nlo2djd3b3hrcGdNdmU3SFlycGNSYkxfWGxGSkVONFFWRGFuVzdNUk0tZFNVSlFkZjE2UTJTTW5UZ0UzMUU2Q3pwaE5CaElZREdsSlNqUVhITFpISlY2Z0w1OEJVN2FOUjhUOWl1R00yekFDVzEzTkxhUEY5VFNOdHfSAaQBQVVfeXFMT2VtelNVUDh2ZEZabEVwVVE2amprMzhYa3FBSTRMYTMzNXRtcTFaRFFHMVFoU2I5Zmp6dWhqeW5UclV2Mk9oNE5MYjlsdUdwTW9wbGx5Nk5oU1hKUDZ4TmFUZmpZa3JRLXFqWmtTUUZRcjRuNW03ejVFYXkxWjFodkw2TV9HZDJCZFFXb0REcms2Y2FCY2hlQjFSS3Jhd04wT003YVc?oc=5\" target=\"_blank\" rel=\"nofollow noopener noreferrer\">\u00f6zg\u00fcn haberi a\u00e7\u0131n<\/a>.<\/p>\n<p><small>Bu kay\u0131t RSS haber havuzuna k\u0131sa kaynak \u00f6zeti olarak al\u0131nm\u0131\u015ft\u0131r; \u00f6zg\u00fcn metnin tamam\u0131 kopyalanmam\u0131\u015ft\u0131r.<\/small><\/p>\n<\/div>\n","protected":false},"excerpt":{"rendered":"<p>Fenomen diziler bir bir ertelendi! Now Tv karar\u0131n\u0131 verdi &#8211; Magazin Haberleri Mynet<\/p>\n","protected":false},"author":1,"featured_media":0,"comment_status":"closed","ping_status":"closed","sticky":false,"template":"","format":"standard","meta":{"_yb_topic_hash":"fbf6ebced4a43e7c06060fe91dffa7b07fc13e26921b6b34f319c5337750a18a","_yb_image_repair_status":"failed","_yb_image_repair_last":"2026-09-04 14:55:55","_yb_image_repair_attempts":1,"_yb_source_trust_score":93,"footnotes":""},"categories":[66,27,25,72,15,8,3],"tags":[108,114],"yb_news_series":[],"yb_language":[],"class_list":["post-8904","post","type-post","status-publish","format-standard","has-post-thumbnail","hentry","category-cemiyet-sosyal","category-dizi-haberleri","category-diziler","category-influencer","category-magazin","category-sosyal-medya","category-tv-dizi","tag-canli-akis-magazin","tag-dizi"],"blocksy_meta":[],"_links":{"self":[{"href":"https:\/\/yurtbakisi.com\/index.php?rest_route=\/wp\/v2\/posts\/8904","targetHints":{"allow":["GET"]}}],"collection":[{"href":"https:\/\/yurtbakisi.com\/index.php?rest_route=\/wp\/v2\/posts"}],"about":[{"href":"https:\/\/yurtbakisi.com\/index.php?rest_route=\/wp\/v2\/types\/post"}],"author":[{"embeddable":true,"href":"https:\/\/yurtbakisi.com\/index.php?rest_route=\/wp\/v2\/users\/1"}],"replies":[{"embeddable":true,"href":"https:\/\/yurtbakisi.com\/index.php?rest_route=%2Fwp%2Fv2%2Fcomments&post=8904"}],"version-history":[{"count":0,"href":"https:\/\/yurtbakisi.com\/index.php?rest_route=\/wp\/v2\/posts\/8904\/revisions"}],"wp:attachment":[{"href":"https:\/\/yurtbakisi.com\/index.php?rest_route=%2Fwp%2Fv2%2Fmedia&parent=8904"}],"wp:term":[{"taxonomy":"category","embeddable":true,"href":"https:\/\/yurtbakisi.com\/index.php?rest_route=%2Fwp%2Fv2%2Fcategories&post=8904"},{"taxonomy":"post_tag","embeddable":true,"href":"https:\/\/yurtbakisi.com\/index.php?rest_route=%2Fwp%2Fv2%2Ftags&post=8904"},{"taxonomy":"yb_news_series","embeddable":true,"href":"https:\/\/yurtbakisi.com\/index.php?rest_route=%2Fwp%2Fv2%2Fyb_news_series&post=8904"},{"taxonomy":"yb_language","embeddable":true,"href":"https:\/\/yurtbakisi.com\/index.php?rest_route=%2Fwp%2Fv2%2Fyb_language&post=8904"}],"curies":[{"name":"wp","href":"https:\/\/api.w.org\/{rel}","templated":true}]}}