{"id":8907,"date":"2026-09-04T12:15:00","date_gmt":"2026-09-04T09:15:00","guid":{"rendered":"https:\/\/yurtbakisi.com\/?p=8907"},"modified":"2026-09-04T12:15:00","modified_gmt":"2026-09-04T09:15:00","slug":"erkan-can-ekranin-sevilen-dizisinin-kadrosunda-sacitaslan-com","status":"publish","type":"post","link":"https:\/\/yurtbakisi.com\/?p=8907","title":{"rendered":"Erkan Can ekran\u0131n sevilen dizisinin kadrosunda &#8211; SacitAslan.com"},"content":{"rendered":"<div class=\"yb-imported-news-note\">\n<p>Erkan Can ekran\u0131n sevilen dizisinin kadrosunda SacitAslan.com<\/p>\n<p><strong>Kaynak:<\/strong> Canl\u0131 Ak\u0131\u015f \u2014 TV ve Dizi \u2014 Ayr\u0131nt\u0131lar ve tam i\u00e7erik i\u00e7in <a href=\"https:\/\/news.google.com\/rss\/articles\/CBMilgFBVV95cUxQUGVXRm5FM2RlTjRPeDlEVXFYU0NjbFJacndYWV9UQjFZTEVvRkhyYVlRNUJuM3hKRkhaQkRHN3JTTWs0NjJDZU45WmZtWUxtUHNkVDFJeW5NbEVxeWhFaHlhQ0kwNmgtZHNPZFJ2MjM4MnI3RTdZdjdwY2Z1NnhwM0JhdHNCSk1SSzhra1FLWk1fOFZUQkHSAZYBQVVfeXFMUFBlV0ZuRTNkZU40T3g5RFVxWFNDY2xSWnJ3WFlfVEIxWUxFb0ZIcmFZUTVCbjN4SkZIWkJERzdyU01rNDYyQ2VOOVpmbVlMbVBzZFQxSXluTWxFcXloRWh5YUNJMDZoLWRzT2RSdjIzODJyN0U3WXY3cGNmdTZ4cDNCYXRzQkpNUks4a2tRS1pNXzhWVEJB?oc=5\" target=\"_blank\" rel=\"nofollow noopener noreferrer\">\u00f6zg\u00fcn haberi a\u00e7\u0131n<\/a>.<\/p>\n<p><small>Bu kay\u0131t RSS haber havuzuna k\u0131sa kaynak \u00f6zeti olarak al\u0131nm\u0131\u015ft\u0131r; \u00f6zg\u00fcn metnin tamam\u0131 kopyalanmam\u0131\u015ft\u0131r.<\/small><\/p>\n<\/div>\n","protected":false},"excerpt":{"rendered":"<p>Erkan Can ekran\u0131n sevilen dizisinin kadrosunda SacitAslan.com<\/p>\n","protected":false},"author":1,"featured_media":0,"comment_status":"closed","ping_status":"closed","sticky":false,"template":"","format":"standard","meta":{"_yb_topic_hash":"642e1392182db66c12324ba2a5c3f1d844dc4dda8efc71021abca2e1873d20a8","_yb_image_repair_status":"failed","_yb_image_repair_last":"2026-09-04 14:55:55","_yb_image_repair_attempts":1,"_yb_source_trust_score":93,"footnotes":""},"categories":[27,25,3],"tags":[115,114,127],"yb_news_series":[],"yb_language":[],"class_list":["post-8907","post","type-post","status-publish","format-standard","has-post-thumbnail","hentry","category-dizi-haberleri","category-diziler","category-tv-dizi","tag-canli-akis-tv-ve-dizi","tag-dizi","tag-televizyon"],"blocksy_meta":[],"_links":{"self":[{"href":"https:\/\/yurtbakisi.com\/index.php?rest_route=\/wp\/v2\/posts\/8907","targetHints":{"allow":["GET"]}}],"collection":[{"href":"https:\/\/yurtbakisi.com\/index.php?rest_route=\/wp\/v2\/posts"}],"about":[{"href":"https:\/\/yurtbakisi.com\/index.php?rest_route=\/wp\/v2\/types\/post"}],"author":[{"embeddable":true,"href":"https:\/\/yurtbakisi.com\/index.php?rest_route=\/wp\/v2\/users\/1"}],"replies":[{"embeddable":true,"href":"https:\/\/yurtbakisi.com\/index.php?rest_route=%2Fwp%2Fv2%2Fcomments&post=8907"}],"version-history":[{"count":0,"href":"https:\/\/yurtbakisi.com\/index.php?rest_route=\/wp\/v2\/posts\/8907\/revisions"}],"wp:attachment":[{"href":"https:\/\/yurtbakisi.com\/index.php?rest_route=%2Fwp%2Fv2%2Fmedia&parent=8907"}],"wp:term":[{"taxonomy":"category","embeddable":true,"href":"https:\/\/yurtbakisi.com\/index.php?rest_route=%2Fwp%2Fv2%2Fcategories&post=8907"},{"taxonomy":"post_tag","embeddable":true,"href":"https:\/\/yurtbakisi.com\/index.php?rest_route=%2Fwp%2Fv2%2Ftags&post=8907"},{"taxonomy":"yb_news_series","embeddable":true,"href":"https:\/\/yurtbakisi.com\/index.php?rest_route=%2Fwp%2Fv2%2Fyb_news_series&post=8907"},{"taxonomy":"yb_language","embeddable":true,"href":"https:\/\/yurtbakisi.com\/index.php?rest_route=%2Fwp%2Fv2%2Fyb_language&post=8907"}],"curies":[{"name":"wp","href":"https:\/\/api.w.org\/{rel}","templated":true}]}}