{"id":8908,"date":"2026-09-04T13:57:37","date_gmt":"2026-09-04T10:57:37","guid":{"rendered":"https:\/\/yurtbakisi.com\/?p=8908"},"modified":"2026-09-04T13:57:46","modified_gmt":"2026-09-04T10:57:46","slug":"girnedeki-gemide-can-kaybi-12ye-yukseldi","status":"publish","type":"post","link":"https:\/\/yurtbakisi.com\/?p=8908","title":{"rendered":"Girne&#039;deki gemide can kayb\u0131 12&#039;ye y\u00fckseldi"},"content":{"rendered":"<p>Kuzey K\u0131br\u0131s T\u00fcrk Cumhuriyeti&#039;nin (KKTC) Girne Liman\u0131 a\u00e7\u0131\u011f\u0131nda alabora olan yolcu gemisindeki 2 ki\u015finin daha cesedine ula\u015f\u0131lmas\u0131yla can kayb\u0131 12&#039;ye \u00e7\u0131kt\u0131. Kay\u0131p 16 ki\u015fi ise arama \u00e7al\u0131\u015fmalar\u0131 devam ediyor.<\/p>\n<p><strong>Kaynak:<\/strong> TRT Haber \u2014 <a href=\"https:\/\/www.trthaber.com\/haber\/gundem\/girnedeki-gemide-can-kaybi-12ye-yukseldi-955869.html\" target=\"_blank\" rel=\"nofollow noopener\">Haberin devam\u0131n\u0131 \u00f6zg\u00fcn kayna\u011f\u0131nda oku<\/a><\/p>\n","protected":false},"excerpt":{"rendered":"<p>Kuzey K\u0131br\u0131s T\u00fcrk Cumhuriyeti&#8217;nin (KKTC) Girne Liman\u0131 a\u00e7\u0131\u011f\u0131nda alabora olan yolcu gemisindeki 2 ki\u015finin daha cesedine ula\u015f\u0131lmas\u0131yla can kayb\u0131 12&#8217;ye \u00e7\u0131kt\u0131. Kay\u0131p 16 ki\u015fi ise arama \u00e7al\u0131\u015fmalar\u0131 devam ediyor.<\/p>\n","protected":false},"author":0,"featured_media":8909,"comment_status":"closed","ping_status":"closed","sticky":false,"template":"","format":"standard","meta":{"_yb_topic_hash":"2183501c02058f65eedd2248f90d602196c3796a702a12685618a3271b699990","_yb_image_repair_status":"","_yb_image_repair_last":"","_yb_image_repair_attempts":0,"_yb_source_trust_score":0,"footnotes":""},"categories":[153],"tags":[],"yb_news_series":[],"yb_language":[],"class_list":["post-8908","post","type-post","status-publish","format-standard","has-post-thumbnail","hentry","category-gundem"],"blocksy_meta":[],"_links":{"self":[{"href":"https:\/\/yurtbakisi.com\/index.php?rest_route=\/wp\/v2\/posts\/8908","targetHints":{"allow":["GET"]}}],"collection":[{"href":"https:\/\/yurtbakisi.com\/index.php?rest_route=\/wp\/v2\/posts"}],"about":[{"href":"https:\/\/yurtbakisi.com\/index.php?rest_route=\/wp\/v2\/types\/post"}],"replies":[{"embeddable":true,"href":"https:\/\/yurtbakisi.com\/index.php?rest_route=%2Fwp%2Fv2%2Fcomments&post=8908"}],"version-history":[{"count":1,"href":"https:\/\/yurtbakisi.com\/index.php?rest_route=\/wp\/v2\/posts\/8908\/revisions"}],"predecessor-version":[{"id":8910,"href":"https:\/\/yurtbakisi.com\/index.php?rest_route=\/wp\/v2\/posts\/8908\/revisions\/8910"}],"wp:featuredmedia":[{"embeddable":true,"href":"https:\/\/yurtbakisi.com\/index.php?rest_route=\/wp\/v2\/media\/8909"}],"wp:attachment":[{"href":"https:\/\/yurtbakisi.com\/index.php?rest_route=%2Fwp%2Fv2%2Fmedia&parent=8908"}],"wp:term":[{"taxonomy":"category","embeddable":true,"href":"https:\/\/yurtbakisi.com\/index.php?rest_route=%2Fwp%2Fv2%2Fcategories&post=8908"},{"taxonomy":"post_tag","embeddable":true,"href":"https:\/\/yurtbakisi.com\/index.php?rest_route=%2Fwp%2Fv2%2Ftags&post=8908"},{"taxonomy":"yb_news_series","embeddable":true,"href":"https:\/\/yurtbakisi.com\/index.php?rest_route=%2Fwp%2Fv2%2Fyb_news_series&post=8908"},{"taxonomy":"yb_language","embeddable":true,"href":"https:\/\/yurtbakisi.com\/index.php?rest_route=%2Fwp%2Fv2%2Fyb_language&post=8908"}],"curies":[{"name":"wp","href":"https:\/\/api.w.org\/{rel}","templated":true}]}}