{"id":8917,"date":"2026-09-04T13:58:22","date_gmt":"2026-09-04T10:58:22","guid":{"rendered":"https:\/\/yurtbakisi.com\/?p=8917"},"modified":"2026-09-04T13:58:26","modified_gmt":"2026-09-04T10:58:26","slug":"turkiyenin-mal-ihracatindaki-artis-g20-ortalamasini-asti","status":"publish","type":"post","link":"https:\/\/yurtbakisi.com\/?p=8917","title":{"rendered":"T\u00fcrkiye&#039;nin mal ihracat\u0131ndaki art\u0131\u015f G20 ortalamas\u0131n\u0131 a\u015ft\u0131"},"content":{"rendered":"<p>T\u00fcrkiye&#039;nin mal ihracat\u0131, bu y\u0131l\u0131n ikinci \u00e7eyre\u011finde bir \u00f6nceki \u00e7eyre\u011fe g\u00f6re y\u00fczde 8,5 artarak y\u00fczde 5,9 olan G20 ortalamas\u0131n\u0131n \u00fczerinde ger\u00e7ekle\u015fti.<\/p>\n<p><strong>Kaynak:<\/strong> TRT Haber \u2014 <a href=\"https:\/\/www.trthaber.com\/haber\/ekonomi\/turkiyenin-mal-ihracatindaki-artis-g20-ortalamasini-asti-955872.html\" target=\"_blank\" rel=\"nofollow noopener\">Haberin devam\u0131n\u0131 \u00f6zg\u00fcn kayna\u011f\u0131nda oku<\/a><\/p>\n","protected":false},"excerpt":{"rendered":"<p>T\u00fcrkiye&#8217;nin mal ihracat\u0131, bu y\u0131l\u0131n ikinci \u00e7eyre\u011finde bir \u00f6nceki \u00e7eyre\u011fe g\u00f6re y\u00fczde 8,5 artarak y\u00fczde 5,9 olan G20 ortalamas\u0131n\u0131n \u00fczerinde ger\u00e7ekle\u015fti.<\/p>\n","protected":false},"author":0,"featured_media":8918,"comment_status":"closed","ping_status":"closed","sticky":false,"template":"","format":"standard","meta":{"_yb_topic_hash":"240a1f6f2d76dcee7bda4de33d6d4fd83aaefa988d829d5d28d8cb178e660536","_yb_image_repair_status":"","_yb_image_repair_last":"","_yb_image_repair_attempts":0,"_yb_source_trust_score":0,"footnotes":""},"categories":[156],"tags":[],"yb_news_series":[],"yb_language":[],"class_list":["post-8917","post","type-post","status-publish","format-standard","has-post-thumbnail","hentry","category-ekonomi"],"blocksy_meta":[],"_links":{"self":[{"href":"https:\/\/yurtbakisi.com\/index.php?rest_route=\/wp\/v2\/posts\/8917","targetHints":{"allow":["GET"]}}],"collection":[{"href":"https:\/\/yurtbakisi.com\/index.php?rest_route=\/wp\/v2\/posts"}],"about":[{"href":"https:\/\/yurtbakisi.com\/index.php?rest_route=\/wp\/v2\/types\/post"}],"replies":[{"embeddable":true,"href":"https:\/\/yurtbakisi.com\/index.php?rest_route=%2Fwp%2Fv2%2Fcomments&post=8917"}],"version-history":[{"count":1,"href":"https:\/\/yurtbakisi.com\/index.php?rest_route=\/wp\/v2\/posts\/8917\/revisions"}],"predecessor-version":[{"id":8919,"href":"https:\/\/yurtbakisi.com\/index.php?rest_route=\/wp\/v2\/posts\/8917\/revisions\/8919"}],"wp:featuredmedia":[{"embeddable":true,"href":"https:\/\/yurtbakisi.com\/index.php?rest_route=\/wp\/v2\/media\/8918"}],"wp:attachment":[{"href":"https:\/\/yurtbakisi.com\/index.php?rest_route=%2Fwp%2Fv2%2Fmedia&parent=8917"}],"wp:term":[{"taxonomy":"category","embeddable":true,"href":"https:\/\/yurtbakisi.com\/index.php?rest_route=%2Fwp%2Fv2%2Fcategories&post=8917"},{"taxonomy":"post_tag","embeddable":true,"href":"https:\/\/yurtbakisi.com\/index.php?rest_route=%2Fwp%2Fv2%2Ftags&post=8917"},{"taxonomy":"yb_news_series","embeddable":true,"href":"https:\/\/yurtbakisi.com\/index.php?rest_route=%2Fwp%2Fv2%2Fyb_news_series&post=8917"},{"taxonomy":"yb_language","embeddable":true,"href":"https:\/\/yurtbakisi.com\/index.php?rest_route=%2Fwp%2Fv2%2Fyb_language&post=8917"}],"curies":[{"name":"wp","href":"https:\/\/api.w.org\/{rel}","templated":true}]}}