{"id":8920,"date":"2026-09-04T14:01:31","date_gmt":"2026-09-04T11:01:31","guid":{"rendered":"https:\/\/yurtbakisi.com\/?p=8920"},"modified":"2026-09-04T14:01:38","modified_gmt":"2026-09-04T11:01:38","slug":"a-mili-voleybol-takimi-final-icin-sirbistan-karsisinda","status":"publish","type":"post","link":"https:\/\/yurtbakisi.com\/?p=8920","title":{"rendered":"A Mili Voleybol Tak\u0131m\u0131 final i\u00e7in S\u0131rbistan kar\u015f\u0131s\u0131nda"},"content":{"rendered":"<p>A Milli Kad\u0131n Voleybol Tak\u0131m\u0131, Trendyol 2026 CEV Avrupa \u015eampiyonas\u0131 yar\u0131 finalinde yar\u0131n S\u0131rbistan ile kar\u015f\u0131la\u015facak.<\/p>\n<p><strong>Kaynak:<\/strong> TRT Haber \u2014 <a href=\"https:\/\/www.trthaber.com\/haber\/spor\/a-mili-voleybol-takimi-final-icin-sirbistan-karsisinda-955856.html\" target=\"_blank\" rel=\"nofollow noopener\">Haberin devam\u0131n\u0131 \u00f6zg\u00fcn kayna\u011f\u0131nda oku<\/a><\/p>\n","protected":false},"excerpt":{"rendered":"<p>A Milli Kad\u0131n Voleybol Tak\u0131m\u0131, Trendyol 2026 CEV Avrupa \u015eampiyonas\u0131 yar\u0131 finalinde yar\u0131n S\u0131rbistan ile kar\u015f\u0131la\u015facak.<\/p>\n","protected":false},"author":0,"featured_media":8921,"comment_status":"closed","ping_status":"closed","sticky":false,"template":"","format":"standard","meta":{"_yb_topic_hash":"16bdabd439c8c310c605868cf57d368d681fb0a2327ad82ab6245fba4c20cf18","_yb_image_repair_status":"","_yb_image_repair_last":"","_yb_image_repair_attempts":0,"_yb_source_trust_score":0,"footnotes":""},"categories":[161],"tags":[],"yb_news_series":[],"yb_language":[],"class_list":["post-8920","post","type-post","status-publish","format-standard","has-post-thumbnail","hentry","category-spor"],"blocksy_meta":[],"_links":{"self":[{"href":"https:\/\/yurtbakisi.com\/index.php?rest_route=\/wp\/v2\/posts\/8920","targetHints":{"allow":["GET"]}}],"collection":[{"href":"https:\/\/yurtbakisi.com\/index.php?rest_route=\/wp\/v2\/posts"}],"about":[{"href":"https:\/\/yurtbakisi.com\/index.php?rest_route=\/wp\/v2\/types\/post"}],"replies":[{"embeddable":true,"href":"https:\/\/yurtbakisi.com\/index.php?rest_route=%2Fwp%2Fv2%2Fcomments&post=8920"}],"version-history":[{"count":1,"href":"https:\/\/yurtbakisi.com\/index.php?rest_route=\/wp\/v2\/posts\/8920\/revisions"}],"predecessor-version":[{"id":8922,"href":"https:\/\/yurtbakisi.com\/index.php?rest_route=\/wp\/v2\/posts\/8920\/revisions\/8922"}],"wp:featuredmedia":[{"embeddable":true,"href":"https:\/\/yurtbakisi.com\/index.php?rest_route=\/wp\/v2\/media\/8921"}],"wp:attachment":[{"href":"https:\/\/yurtbakisi.com\/index.php?rest_route=%2Fwp%2Fv2%2Fmedia&parent=8920"}],"wp:term":[{"taxonomy":"category","embeddable":true,"href":"https:\/\/yurtbakisi.com\/index.php?rest_route=%2Fwp%2Fv2%2Fcategories&post=8920"},{"taxonomy":"post_tag","embeddable":true,"href":"https:\/\/yurtbakisi.com\/index.php?rest_route=%2Fwp%2Fv2%2Ftags&post=8920"},{"taxonomy":"yb_news_series","embeddable":true,"href":"https:\/\/yurtbakisi.com\/index.php?rest_route=%2Fwp%2Fv2%2Fyb_news_series&post=8920"},{"taxonomy":"yb_language","embeddable":true,"href":"https:\/\/yurtbakisi.com\/index.php?rest_route=%2Fwp%2Fv2%2Fyb_language&post=8920"}],"curies":[{"name":"wp","href":"https:\/\/api.w.org\/{rel}","templated":true}]}}