{"id":8935,"date":"2026-09-04T14:02:38","date_gmt":"2026-09-04T11:02:38","guid":{"rendered":"https:\/\/yurtbakisi.com\/?p=8935"},"modified":"2026-09-04T14:02:42","modified_gmt":"2026-09-04T11:02:42","slug":"kisisel-verileri-yasa-disi-kullanan-avukatlara-operasyon-31-gozalti-karari","status":"publish","type":"post","link":"https:\/\/yurtbakisi.com\/?p=8935","title":{"rendered":"Ki\u015fisel verileri yasa d\u0131\u015f\u0131 kullanan avukatlara operasyon: 31 g\u00f6zalt\u0131 karar\u0131"},"content":{"rendered":"<p>Adalet Bakan\u0131 Ak\u0131n G\u00fcrlek, vatanda\u015flar\u0131n ki\u015fisel verilerini yasa d\u0131\u015f\u0131 sorgulama sistemleri \u00fczerinden ele ge\u00e7irip doland\u0131r\u0131c\u0131l\u0131k amac\u0131yla kulland\u0131\u011f\u0131 tespit edilen 31 avukat hakk\u0131nda g\u00f6zalt\u0131 karar\u0131 verildi\u011fini, 39 avukatl\u0131k b\u00fcrosunda arama ve el koyma i\u015flemlerinin ba\u015flat\u0131ld\u0131\u011f\u0131n\u0131 bildirdi.<\/p>\n<p><strong>Kaynak:<\/strong> TRT Haber \u2014 <a href=\"https:\/\/www.trthaber.com\/haber\/gundem\/kisisel-verileri-yasa-disi-kullanan-avukatlara-operasyon-31-gozalti-karari-955868.html\" target=\"_blank\" rel=\"nofollow noopener\">Haberin devam\u0131n\u0131 \u00f6zg\u00fcn kayna\u011f\u0131nda oku<\/a><\/p>\n","protected":false},"excerpt":{"rendered":"<p>Adalet Bakan\u0131 Ak\u0131n G\u00fcrlek, vatanda\u015flar\u0131n ki\u015fisel verilerini yasa d\u0131\u015f\u0131 sorgulama sistemleri \u00fczerinden ele ge\u00e7irip doland\u0131r\u0131c\u0131l\u0131k amac\u0131yla kulland\u0131\u011f\u0131 tespit edilen 31 avukat hakk\u0131nda g\u00f6zalt\u0131 karar\u0131 verildi\u011fini, 39 avukatl\u0131k b\u00fcrosunda arama ve el koyma i\u015flemlerinin ba\u015flat\u0131ld\u0131\u011f\u0131n\u0131\u2026<\/p>\n","protected":false},"author":0,"featured_media":8936,"comment_status":"closed","ping_status":"closed","sticky":false,"template":"","format":"standard","meta":{"_yb_topic_hash":"3f0513f8f893d6d124d980f374a5cae120c071d4d40eba13c67329fb78186f9e","_yb_image_repair_status":"","_yb_image_repair_last":"","_yb_image_repair_attempts":0,"_yb_source_trust_score":0,"footnotes":""},"categories":[153],"tags":[111],"yb_news_series":[],"yb_language":[],"class_list":["post-8935","post","type-post","status-publish","format-standard","has-post-thumbnail","hentry","category-gundem","tag-kultur-sanat"],"blocksy_meta":[],"_links":{"self":[{"href":"https:\/\/yurtbakisi.com\/index.php?rest_route=\/wp\/v2\/posts\/8935","targetHints":{"allow":["GET"]}}],"collection":[{"href":"https:\/\/yurtbakisi.com\/index.php?rest_route=\/wp\/v2\/posts"}],"about":[{"href":"https:\/\/yurtbakisi.com\/index.php?rest_route=\/wp\/v2\/types\/post"}],"replies":[{"embeddable":true,"href":"https:\/\/yurtbakisi.com\/index.php?rest_route=%2Fwp%2Fv2%2Fcomments&post=8935"}],"version-history":[{"count":1,"href":"https:\/\/yurtbakisi.com\/index.php?rest_route=\/wp\/v2\/posts\/8935\/revisions"}],"predecessor-version":[{"id":8937,"href":"https:\/\/yurtbakisi.com\/index.php?rest_route=\/wp\/v2\/posts\/8935\/revisions\/8937"}],"wp:featuredmedia":[{"embeddable":true,"href":"https:\/\/yurtbakisi.com\/index.php?rest_route=\/wp\/v2\/media\/8936"}],"wp:attachment":[{"href":"https:\/\/yurtbakisi.com\/index.php?rest_route=%2Fwp%2Fv2%2Fmedia&parent=8935"}],"wp:term":[{"taxonomy":"category","embeddable":true,"href":"https:\/\/yurtbakisi.com\/index.php?rest_route=%2Fwp%2Fv2%2Fcategories&post=8935"},{"taxonomy":"post_tag","embeddable":true,"href":"https:\/\/yurtbakisi.com\/index.php?rest_route=%2Fwp%2Fv2%2Ftags&post=8935"},{"taxonomy":"yb_news_series","embeddable":true,"href":"https:\/\/yurtbakisi.com\/index.php?rest_route=%2Fwp%2Fv2%2Fyb_news_series&post=8935"},{"taxonomy":"yb_language","embeddable":true,"href":"https:\/\/yurtbakisi.com\/index.php?rest_route=%2Fwp%2Fv2%2Fyb_language&post=8935"}],"curies":[{"name":"wp","href":"https:\/\/api.w.org\/{rel}","templated":true}]}}