{"id":8939,"date":"2026-09-04T14:57:26","date_gmt":"2026-09-04T11:57:26","guid":{"rendered":"https:\/\/yurtbakisi.com\/?p=8939"},"modified":"2026-09-04T14:57:32","modified_gmt":"2026-09-04T11:57:32","slug":"iletisim-baskani-duran-sivas-kongresi-bagimsizlik-irademizin-tum-dunyaya-ilanidir","status":"publish","type":"post","link":"https:\/\/yurtbakisi.com\/?p=8939","title":{"rendered":"\u0130leti\u015fim Ba\u015fkan\u0131 Duran: Sivas Kongresi ba\u011f\u0131ms\u0131zl\u0131k irademizin t\u00fcm d\u00fcnyaya ilan\u0131d\u0131r"},"content":{"rendered":"<p>\u0130leti\u015fim Ba\u015fkan\u0131 Burhanettin Duran, Sivas Kongresi&#039;nin 107. y\u0131l d\u00f6n\u00fcm\u00fc dolay\u0131s\u0131yla yay\u0131mlad\u0131\u011f\u0131 mesajda, kongrenin T\u00fcrk milletinin h\u00fcrriyet ve ba\u011f\u0131ms\u0131zl\u0131k iradesinin t\u00fcm d\u00fcnyaya g\u00fc\u00e7l\u00fc bir ilan\u0131 oldu\u011funu belirtti.<\/p>\n<p><strong>Kaynak:<\/strong> TRT Haber \u2014 <a href=\"https:\/\/www.trthaber.com\/haber\/gundem\/iletisim-baskani-duran-sivas-kongresi-bagimsizlik-irademizin-tum-dunyaya-ilanidir-955866.html\" target=\"_blank\" rel=\"nofollow noopener\">Haberin devam\u0131n\u0131 \u00f6zg\u00fcn kayna\u011f\u0131nda oku<\/a><\/p>\n","protected":false},"excerpt":{"rendered":"<p>\u0130leti\u015fim Ba\u015fkan\u0131 Burhanettin Duran, Sivas Kongresi&#8217;nin 107. y\u0131l d\u00f6n\u00fcm\u00fc dolay\u0131s\u0131yla yay\u0131mlad\u0131\u011f\u0131 mesajda, kongrenin T\u00fcrk milletinin h\u00fcrriyet ve ba\u011f\u0131ms\u0131zl\u0131k iradesinin t\u00fcm d\u00fcnyaya g\u00fc\u00e7l\u00fc bir ilan\u0131 oldu\u011funu belirtti.<\/p>\n","protected":false},"author":0,"featured_media":8940,"comment_status":"closed","ping_status":"closed","sticky":false,"template":"","format":"standard","meta":{"_yb_topic_hash":"88b1b63fc9de207b8bf8cecb358ba9957c381af7cb7cd6b118b9d05646390529","_yb_image_repair_status":"","_yb_image_repair_last":"","_yb_image_repair_attempts":0,"_yb_source_trust_score":0,"footnotes":""},"categories":[153],"tags":[107],"yb_news_series":[],"yb_language":[],"class_list":["post-8939","post","type-post","status-publish","format-standard","has-post-thumbnail","hentry","category-gundem","tag-cemiyet"],"blocksy_meta":[],"_links":{"self":[{"href":"https:\/\/yurtbakisi.com\/index.php?rest_route=\/wp\/v2\/posts\/8939","targetHints":{"allow":["GET"]}}],"collection":[{"href":"https:\/\/yurtbakisi.com\/index.php?rest_route=\/wp\/v2\/posts"}],"about":[{"href":"https:\/\/yurtbakisi.com\/index.php?rest_route=\/wp\/v2\/types\/post"}],"replies":[{"embeddable":true,"href":"https:\/\/yurtbakisi.com\/index.php?rest_route=%2Fwp%2Fv2%2Fcomments&post=8939"}],"version-history":[{"count":1,"href":"https:\/\/yurtbakisi.com\/index.php?rest_route=\/wp\/v2\/posts\/8939\/revisions"}],"predecessor-version":[{"id":8941,"href":"https:\/\/yurtbakisi.com\/index.php?rest_route=\/wp\/v2\/posts\/8939\/revisions\/8941"}],"wp:featuredmedia":[{"embeddable":true,"href":"https:\/\/yurtbakisi.com\/index.php?rest_route=\/wp\/v2\/media\/8940"}],"wp:attachment":[{"href":"https:\/\/yurtbakisi.com\/index.php?rest_route=%2Fwp%2Fv2%2Fmedia&parent=8939"}],"wp:term":[{"taxonomy":"category","embeddable":true,"href":"https:\/\/yurtbakisi.com\/index.php?rest_route=%2Fwp%2Fv2%2Fcategories&post=8939"},{"taxonomy":"post_tag","embeddable":true,"href":"https:\/\/yurtbakisi.com\/index.php?rest_route=%2Fwp%2Fv2%2Ftags&post=8939"},{"taxonomy":"yb_news_series","embeddable":true,"href":"https:\/\/yurtbakisi.com\/index.php?rest_route=%2Fwp%2Fv2%2Fyb_news_series&post=8939"},{"taxonomy":"yb_language","embeddable":true,"href":"https:\/\/yurtbakisi.com\/index.php?rest_route=%2Fwp%2Fv2%2Fyb_language&post=8939"}],"curies":[{"name":"wp","href":"https:\/\/api.w.org\/{rel}","templated":true}]}}