{"id":8942,"date":"2026-09-04T14:57:38","date_gmt":"2026-09-04T11:57:38","guid":{"rendered":"https:\/\/yurtbakisi.com\/?p=8942"},"modified":"2026-09-04T14:57:43","modified_gmt":"2026-09-04T11:57:43","slug":"sirnaktaki-trafik-kazasinda-yaralanan-polis-memuru-sehit-oldu","status":"publish","type":"post","link":"https:\/\/yurtbakisi.com\/?p=8942","title":{"rendered":"\u015e\u0131rnak&#039;taki trafik kazas\u0131nda yaralanan polis memuru \u015fehit oldu"},"content":{"rendered":"<p>\u0130\u00e7i\u015fleri Bakan\u0131 Mustafa \u00c7ift\u00e7i, \u015e\u0131rnak&#039;ta g\u00f6revi ba\u015f\u0131ndayken trafik kazas\u0131nda yaralanan polis memuru Melih Kaygusuz&#039;un \u015fehit oldu\u011funu duyurdu.<\/p>\n<p><strong>Kaynak:<\/strong> TRT Haber \u2014 <a href=\"https:\/\/www.trthaber.com\/haber\/turkiye\/sirnaktaki-trafik-kazasinda-yaralanan-polis-memuru-sehit-oldu-955837.html\" target=\"_blank\" rel=\"nofollow noopener\">Haberin devam\u0131n\u0131 \u00f6zg\u00fcn kayna\u011f\u0131nda oku<\/a><\/p>\n","protected":false},"excerpt":{"rendered":"<p>\u0130\u00e7i\u015fleri Bakan\u0131 Mustafa \u00c7ift\u00e7i, \u015e\u0131rnak&#8217;ta g\u00f6revi ba\u015f\u0131ndayken trafik kazas\u0131nda yaralanan polis memuru Melih Kaygusuz&#8217;un \u015fehit oldu\u011funu duyurdu.<\/p>\n","protected":false},"author":0,"featured_media":8943,"comment_status":"closed","ping_status":"closed","sticky":false,"template":"","format":"standard","meta":{"_yb_topic_hash":"5a82a33f0a22e7b1ed399c47813fe1f629fbf1f909d3913f84c97174a1498223","_yb_image_repair_status":"","_yb_image_repair_last":"","_yb_image_repair_attempts":0,"_yb_source_trust_score":0,"footnotes":""},"categories":[154],"tags":[107],"yb_news_series":[],"yb_language":[],"class_list":["post-8942","post","type-post","status-publish","format-standard","has-post-thumbnail","hentry","category-turkiye","tag-cemiyet"],"blocksy_meta":[],"_links":{"self":[{"href":"https:\/\/yurtbakisi.com\/index.php?rest_route=\/wp\/v2\/posts\/8942","targetHints":{"allow":["GET"]}}],"collection":[{"href":"https:\/\/yurtbakisi.com\/index.php?rest_route=\/wp\/v2\/posts"}],"about":[{"href":"https:\/\/yurtbakisi.com\/index.php?rest_route=\/wp\/v2\/types\/post"}],"replies":[{"embeddable":true,"href":"https:\/\/yurtbakisi.com\/index.php?rest_route=%2Fwp%2Fv2%2Fcomments&post=8942"}],"version-history":[{"count":1,"href":"https:\/\/yurtbakisi.com\/index.php?rest_route=\/wp\/v2\/posts\/8942\/revisions"}],"predecessor-version":[{"id":8944,"href":"https:\/\/yurtbakisi.com\/index.php?rest_route=\/wp\/v2\/posts\/8942\/revisions\/8944"}],"wp:featuredmedia":[{"embeddable":true,"href":"https:\/\/yurtbakisi.com\/index.php?rest_route=\/wp\/v2\/media\/8943"}],"wp:attachment":[{"href":"https:\/\/yurtbakisi.com\/index.php?rest_route=%2Fwp%2Fv2%2Fmedia&parent=8942"}],"wp:term":[{"taxonomy":"category","embeddable":true,"href":"https:\/\/yurtbakisi.com\/index.php?rest_route=%2Fwp%2Fv2%2Fcategories&post=8942"},{"taxonomy":"post_tag","embeddable":true,"href":"https:\/\/yurtbakisi.com\/index.php?rest_route=%2Fwp%2Fv2%2Ftags&post=8942"},{"taxonomy":"yb_news_series","embeddable":true,"href":"https:\/\/yurtbakisi.com\/index.php?rest_route=%2Fwp%2Fv2%2Fyb_news_series&post=8942"},{"taxonomy":"yb_language","embeddable":true,"href":"https:\/\/yurtbakisi.com\/index.php?rest_route=%2Fwp%2Fv2%2Fyb_language&post=8942"}],"curies":[{"name":"wp","href":"https:\/\/api.w.org\/{rel}","templated":true}]}}