{"id":8960,"date":"2026-09-04T15:01:17","date_gmt":"2026-09-04T12:01:17","guid":{"rendered":"https:\/\/yurtbakisi.com\/?p=8960"},"modified":"2026-09-04T15:01:20","modified_gmt":"2026-09-04T12:01:20","slug":"emine-erdogandan-milli-botanik-bahcesine-ziyaret","status":"publish","type":"post","link":"https:\/\/yurtbakisi.com\/?p=8960","title":{"rendered":"Emine Erdo\u011fan&#039;dan Milli Botanik Bah\u00e7esi&#039;ne ziyaret"},"content":{"rendered":"<p>Cumhurba\u015fkan\u0131 Recep Tayyip Erdo\u011fan&#039;\u0131n e\u015fi Emine Erdo\u011fan, ata tohumlar\u0131ndan \u00e7e\u015fitli sebze ve meyvelerin yeti\u015ftirildi\u011fi, topraks\u0131z tar\u0131m \u00f6rneklerinin sergilendi\u011fi ve &quot;\u00f6zel m\u00fcze&quot; stat\u00fcs\u00fcndeki Tar\u0131msal Biyo\u00e7e\u015fitlilik M\u00fczesi&#039;ni b\u00fcnyesinde bar\u0131nd\u0131ran T\u00fcrkiye Milli Botanik Bah\u00e7esi&#039;ni ziyaret etti.<\/p>\n<p><strong>Kaynak:<\/strong> TRT Haber \u2014 <a href=\"https:\/\/www.trthaber.com\/haber\/gundem\/emine-erdogandan-milli-botanik-bahcesine-ziyaret-955865.html\" target=\"_blank\" rel=\"nofollow noopener\">Haberin devam\u0131n\u0131 \u00f6zg\u00fcn kayna\u011f\u0131nda oku<\/a><\/p>\n","protected":false},"excerpt":{"rendered":"<p>Cumhurba\u015fkan\u0131 Recep Tayyip Erdo\u011fan&#8217;\u0131n e\u015fi Emine Erdo\u011fan, ata tohumlar\u0131ndan \u00e7e\u015fitli sebze ve meyvelerin yeti\u015ftirildi\u011fi, topraks\u0131z tar\u0131m \u00f6rneklerinin sergilendi\u011fi ve &#8220;\u00f6zel m\u00fcze&#8221; stat\u00fcs\u00fcndeki Tar\u0131msal Biyo\u00e7e\u015fitlilik M\u00fczesi&#8217;ni b\u00fcnyesinde bar\u0131nd\u0131ran T\u00fcrkiye Milli Botanik Bah\u00e7esi&#8217;ni ziyaret etti.<\/p>\n","protected":false},"author":0,"featured_media":8961,"comment_status":"closed","ping_status":"closed","sticky":false,"template":"","format":"standard","meta":{"_yb_topic_hash":"074a99865151ce317ab0f83fa85eee7ae47568500596f41064894f7e97a6cce9","_yb_image_repair_status":"","_yb_image_repair_last":"","_yb_image_repair_attempts":0,"_yb_source_trust_score":0,"footnotes":""},"categories":[153,80],"tags":[111],"yb_news_series":[],"yb_language":[],"class_list":["post-8960","post","type-post","status-publish","format-standard","has-post-thumbnail","hentry","category-gundem","category-sergi","tag-kultur-sanat"],"blocksy_meta":[],"_links":{"self":[{"href":"https:\/\/yurtbakisi.com\/index.php?rest_route=\/wp\/v2\/posts\/8960","targetHints":{"allow":["GET"]}}],"collection":[{"href":"https:\/\/yurtbakisi.com\/index.php?rest_route=\/wp\/v2\/posts"}],"about":[{"href":"https:\/\/yurtbakisi.com\/index.php?rest_route=\/wp\/v2\/types\/post"}],"replies":[{"embeddable":true,"href":"https:\/\/yurtbakisi.com\/index.php?rest_route=%2Fwp%2Fv2%2Fcomments&post=8960"}],"version-history":[{"count":1,"href":"https:\/\/yurtbakisi.com\/index.php?rest_route=\/wp\/v2\/posts\/8960\/revisions"}],"predecessor-version":[{"id":8962,"href":"https:\/\/yurtbakisi.com\/index.php?rest_route=\/wp\/v2\/posts\/8960\/revisions\/8962"}],"wp:featuredmedia":[{"embeddable":true,"href":"https:\/\/yurtbakisi.com\/index.php?rest_route=\/wp\/v2\/media\/8961"}],"wp:attachment":[{"href":"https:\/\/yurtbakisi.com\/index.php?rest_route=%2Fwp%2Fv2%2Fmedia&parent=8960"}],"wp:term":[{"taxonomy":"category","embeddable":true,"href":"https:\/\/yurtbakisi.com\/index.php?rest_route=%2Fwp%2Fv2%2Fcategories&post=8960"},{"taxonomy":"post_tag","embeddable":true,"href":"https:\/\/yurtbakisi.com\/index.php?rest_route=%2Fwp%2Fv2%2Ftags&post=8960"},{"taxonomy":"yb_news_series","embeddable":true,"href":"https:\/\/yurtbakisi.com\/index.php?rest_route=%2Fwp%2Fv2%2Fyb_news_series&post=8960"},{"taxonomy":"yb_language","embeddable":true,"href":"https:\/\/yurtbakisi.com\/index.php?rest_route=%2Fwp%2Fv2%2Fyb_language&post=8960"}],"curies":[{"name":"wp","href":"https:\/\/api.w.org\/{rel}","templated":true}]}}