{"id":8970,"date":"2026-09-04T15:57:01","date_gmt":"2026-09-04T12:57:01","guid":{"rendered":"https:\/\/yurtbakisi.com\/?p=8970"},"modified":"2026-09-04T15:57:09","modified_gmt":"2026-09-04T12:57:09","slug":"23-vakif-yuksekogretim-kurumu-hakkinda-inceleme-baslatildi","status":"publish","type":"post","link":"https:\/\/yurtbakisi.com\/?p=8970","title":{"rendered":"23 vak\u0131f y\u00fcksek\u00f6\u011fretim kurumu hakk\u0131nda inceleme ba\u015flat\u0131ld\u0131"},"content":{"rendered":"<p>Y\u00fcksek\u00f6\u011fretim Denetleme Kurulu, haz\u0131rl\u0131k ve birinci s\u0131n\u0131f d\u0131\u015f\u0131ndaki \u00f6\u011frencilerin \u00f6\u011frenim \u00fccretleri i\u00e7in belirlenen y\u00fczde 25 art\u0131\u015f s\u0131n\u0131r\u0131na uyulmad\u0131\u011f\u0131 y\u00f6n\u00fcnde Y\u00fcksek\u00f6\u011fretim Kurulu Ba\u015fkanl\u0131\u011f\u0131na ula\u015fan ihbar ve \u015fikayetler \u00fczerine 23 vak\u0131f y\u00fcksek\u00f6\u011fretim kurumu hakk\u0131nda inceleme ba\u015flatt\u0131.<\/p>\n<p><strong>Kaynak:<\/strong> TRT Haber \u2014 <a href=\"https:\/\/www.trthaber.com\/haber\/gundem\/23-vakif-yuksekogretim-kurumu-hakkinda-inceleme-baslatildi-955862.html\" target=\"_blank\" rel=\"nofollow noopener\">Haberin devam\u0131n\u0131 \u00f6zg\u00fcn kayna\u011f\u0131nda oku<\/a><\/p>\n","protected":false},"excerpt":{"rendered":"<p>Y\u00fcksek\u00f6\u011fretim Denetleme Kurulu, haz\u0131rl\u0131k ve birinci s\u0131n\u0131f d\u0131\u015f\u0131ndaki \u00f6\u011frencilerin \u00f6\u011frenim \u00fccretleri i\u00e7in belirlenen y\u00fczde 25 art\u0131\u015f s\u0131n\u0131r\u0131na uyulmad\u0131\u011f\u0131 y\u00f6n\u00fcnde Y\u00fcksek\u00f6\u011fretim Kurulu Ba\u015fkanl\u0131\u011f\u0131na ula\u015fan ihbar ve \u015fikayetler \u00fczerine 23 vak\u0131f y\u00fcksek\u00f6\u011fretim kurumu hakk\u0131nda inceleme ba\u015flatt\u0131.<\/p>\n","protected":false},"author":0,"featured_media":8971,"comment_status":"closed","ping_status":"closed","sticky":false,"template":"","format":"standard","meta":{"_yb_topic_hash":"3f42a1ef95d7a533c52a952986fdb391dd8b589c99b3da6ffb0175e55eea436a","_yb_image_repair_status":"","_yb_image_repair_last":"","_yb_image_repair_attempts":0,"_yb_source_trust_score":0,"footnotes":""},"categories":[157,153],"tags":[],"yb_news_series":[],"yb_language":[],"class_list":["post-8970","post","type-post","status-publish","format-standard","has-post-thumbnail","hentry","category-egitim","category-gundem"],"blocksy_meta":[],"_links":{"self":[{"href":"https:\/\/yurtbakisi.com\/index.php?rest_route=\/wp\/v2\/posts\/8970","targetHints":{"allow":["GET"]}}],"collection":[{"href":"https:\/\/yurtbakisi.com\/index.php?rest_route=\/wp\/v2\/posts"}],"about":[{"href":"https:\/\/yurtbakisi.com\/index.php?rest_route=\/wp\/v2\/types\/post"}],"replies":[{"embeddable":true,"href":"https:\/\/yurtbakisi.com\/index.php?rest_route=%2Fwp%2Fv2%2Fcomments&post=8970"}],"version-history":[{"count":1,"href":"https:\/\/yurtbakisi.com\/index.php?rest_route=\/wp\/v2\/posts\/8970\/revisions"}],"predecessor-version":[{"id":8972,"href":"https:\/\/yurtbakisi.com\/index.php?rest_route=\/wp\/v2\/posts\/8970\/revisions\/8972"}],"wp:featuredmedia":[{"embeddable":true,"href":"https:\/\/yurtbakisi.com\/index.php?rest_route=\/wp\/v2\/media\/8971"}],"wp:attachment":[{"href":"https:\/\/yurtbakisi.com\/index.php?rest_route=%2Fwp%2Fv2%2Fmedia&parent=8970"}],"wp:term":[{"taxonomy":"category","embeddable":true,"href":"https:\/\/yurtbakisi.com\/index.php?rest_route=%2Fwp%2Fv2%2Fcategories&post=8970"},{"taxonomy":"post_tag","embeddable":true,"href":"https:\/\/yurtbakisi.com\/index.php?rest_route=%2Fwp%2Fv2%2Ftags&post=8970"},{"taxonomy":"yb_news_series","embeddable":true,"href":"https:\/\/yurtbakisi.com\/index.php?rest_route=%2Fwp%2Fv2%2Fyb_news_series&post=8970"},{"taxonomy":"yb_language","embeddable":true,"href":"https:\/\/yurtbakisi.com\/index.php?rest_route=%2Fwp%2Fv2%2Fyb_language&post=8970"}],"curies":[{"name":"wp","href":"https:\/\/api.w.org\/{rel}","templated":true}]}}