{"id":8989,"date":"2026-09-04T16:58:10","date_gmt":"2026-09-04T13:58:10","guid":{"rendered":"https:\/\/yurtbakisi.com\/?p=8989"},"modified":"2026-09-04T16:58:17","modified_gmt":"2026-09-04T13:58:17","slug":"yurt-ici-piyasalarin-gozu-faiz-kararina-cevrildi","status":"publish","type":"post","link":"https:\/\/yurtbakisi.com\/?p=8989","title":{"rendered":"Yurt i\u00e7i piyasalar\u0131n g\u00f6z\u00fc faiz karar\u0131na \u00e7evrildi"},"content":{"rendered":"<p>T\u00fcrkiye Cumhuriyet Merkez Bankas\u0131&#039;n\u0131n (TCMB) para politikas\u0131 karar\u0131 yat\u0131r\u0131mc\u0131lar\u0131n oda\u011f\u0131nda bulunuyor. TCMB&#039;nin y\u0131l\u0131n alt\u0131nc\u0131 para politikas\u0131 karar\u0131 10 Eyl\u00fcl&#039;de a\u00e7\u0131klanacak.<\/p>\n<p><strong>Kaynak:<\/strong> TRT Haber \u2014 <a href=\"https:\/\/www.trthaber.com\/haber\/ekonomi\/yurt-ici-piyasalarin-gozu-faiz-kararina-cevrildi-955849.html\" target=\"_blank\" rel=\"nofollow noopener\">Haberin devam\u0131n\u0131 \u00f6zg\u00fcn kayna\u011f\u0131nda oku<\/a><\/p>\n","protected":false},"excerpt":{"rendered":"<p>T\u00fcrkiye Cumhuriyet Merkez Bankas\u0131&#8217;n\u0131n (TCMB) para politikas\u0131 karar\u0131 yat\u0131r\u0131mc\u0131lar\u0131n oda\u011f\u0131nda bulunuyor. TCMB&#8217;nin y\u0131l\u0131n alt\u0131nc\u0131 para politikas\u0131 karar\u0131 10 Eyl\u00fcl&#8217;de a\u00e7\u0131klanacak.<\/p>\n","protected":false},"author":0,"featured_media":8990,"comment_status":"closed","ping_status":"closed","sticky":false,"template":"","format":"standard","meta":{"_yb_topic_hash":"f1799161162f969b8a7368d45b08563d2fb7eecfbbe8f5b022e90b581cc2bbaf","_yb_image_repair_status":"","_yb_image_repair_last":"","_yb_image_repair_attempts":0,"_yb_source_trust_score":0,"footnotes":""},"categories":[156],"tags":[],"yb_news_series":[],"yb_language":[],"class_list":["post-8989","post","type-post","status-publish","format-standard","has-post-thumbnail","hentry","category-ekonomi"],"blocksy_meta":[],"_links":{"self":[{"href":"https:\/\/yurtbakisi.com\/index.php?rest_route=\/wp\/v2\/posts\/8989","targetHints":{"allow":["GET"]}}],"collection":[{"href":"https:\/\/yurtbakisi.com\/index.php?rest_route=\/wp\/v2\/posts"}],"about":[{"href":"https:\/\/yurtbakisi.com\/index.php?rest_route=\/wp\/v2\/types\/post"}],"replies":[{"embeddable":true,"href":"https:\/\/yurtbakisi.com\/index.php?rest_route=%2Fwp%2Fv2%2Fcomments&post=8989"}],"version-history":[{"count":1,"href":"https:\/\/yurtbakisi.com\/index.php?rest_route=\/wp\/v2\/posts\/8989\/revisions"}],"predecessor-version":[{"id":8991,"href":"https:\/\/yurtbakisi.com\/index.php?rest_route=\/wp\/v2\/posts\/8989\/revisions\/8991"}],"wp:featuredmedia":[{"embeddable":true,"href":"https:\/\/yurtbakisi.com\/index.php?rest_route=\/wp\/v2\/media\/8990"}],"wp:attachment":[{"href":"https:\/\/yurtbakisi.com\/index.php?rest_route=%2Fwp%2Fv2%2Fmedia&parent=8989"}],"wp:term":[{"taxonomy":"category","embeddable":true,"href":"https:\/\/yurtbakisi.com\/index.php?rest_route=%2Fwp%2Fv2%2Fcategories&post=8989"},{"taxonomy":"post_tag","embeddable":true,"href":"https:\/\/yurtbakisi.com\/index.php?rest_route=%2Fwp%2Fv2%2Ftags&post=8989"},{"taxonomy":"yb_news_series","embeddable":true,"href":"https:\/\/yurtbakisi.com\/index.php?rest_route=%2Fwp%2Fv2%2Fyb_news_series&post=8989"},{"taxonomy":"yb_language","embeddable":true,"href":"https:\/\/yurtbakisi.com\/index.php?rest_route=%2Fwp%2Fv2%2Fyb_language&post=8989"}],"curies":[{"name":"wp","href":"https:\/\/api.w.org\/{rel}","templated":true}]}}