{"id":9003,"date":"2026-09-04T18:34:47","date_gmt":"2026-09-04T15:34:47","guid":{"rendered":"https:\/\/yurtbakisi.com\/?p=9003"},"modified":"2026-09-04T18:34:47","modified_gmt":"2026-09-04T15:34:47","slug":"kaderi-kardesinin-elinde-alti-ustu-istanbulun-yeni-bolumunde-neler-olacak-yeniasir-com-tr","status":"publish","type":"post","link":"https:\/\/yurtbakisi.com\/?p=9003","title":{"rendered":"Kaderi karde\u015finin elinde! Alt\u0131 \u00dcst\u00fc \u0130stanbul\u2019un yeni b\u00f6l\u00fcm\u00fcnde neler olacak? &#8211; yeniasir.com.tr"},"content":{"rendered":"<div class=\"yb-imported-news-note\">\n<p>Kaderi karde\u015finin elinde! Alt\u0131 \u00dcst\u00fc \u0130stanbul\u2019un yeni b\u00f6l\u00fcm\u00fcnde neler olacak? yeniasir.com.tr<\/p>\n<p><strong>Kaynak:<\/strong> Canl\u0131 Ak\u0131\u015f \u2014 Magazin \u2014 Ayr\u0131nt\u0131lar ve tam i\u00e7erik i\u00e7in <a href=\"https:\/\/news.google.com\/rss\/articles\/CBMivAFBVV95cUxPVmJVdnpvelAzSlBOMkNDZklSNHFLTzZ5V1NieEZXbVlOa1ZDR1Yzd2VtZjR2SjNWemozYkQ3R1JhbnJydHgyYWxHQ0xpbVNMamJ1dk1ISHFIVjM4NWRlaHdnclpTNHZMSXVieXBvd2ppbkpFRTZLUk9MOVNrNFFzaEtReXRyQlI0bHhnY3VQS0tlWWlicFJkQlZ0MFBSdjFQcVk4cnJteEh1ZDN2amVibUdpSGpTV2FWYk5RZw?oc=5\" target=\"_blank\" rel=\"nofollow noopener noreferrer\">\u00f6zg\u00fcn haberi a\u00e7\u0131n<\/a>.<\/p>\n<p><small>Bu kay\u0131t RSS haber havuzuna k\u0131sa kaynak \u00f6zeti olarak al\u0131nm\u0131\u015ft\u0131r; \u00f6zg\u00fcn metnin tamam\u0131 kopyalanmam\u0131\u015ft\u0131r.<\/small><\/p>\n<\/div>\n","protected":false},"excerpt":{"rendered":"<p>Kaderi karde\u015finin elinde! Alt\u0131 \u00dcst\u00fc \u0130stanbul\u2019un yeni b\u00f6l\u00fcm\u00fcnde neler olacak? yeniasir.com.tr<\/p>\n","protected":false},"author":1,"featured_media":0,"comment_status":"closed","ping_status":"closed","sticky":false,"template":"","format":"standard","meta":{"_yb_topic_hash":"1d11cd1e00ff5d35a8dc3bc422fb453528644d00626968c8b5493022a4fad5e2","_yb_image_repair_status":"failed","_yb_image_repair_last":"2026-09-04 20:55:55","_yb_image_repair_attempts":1,"_yb_source_trust_score":93,"footnotes":""},"categories":[27,25,15,3],"tags":[108,114],"yb_news_series":[],"yb_language":[],"class_list":["post-9003","post","type-post","status-publish","format-standard","has-post-thumbnail","hentry","category-dizi-haberleri","category-diziler","category-magazin","category-tv-dizi","tag-canli-akis-magazin","tag-dizi"],"blocksy_meta":[],"_links":{"self":[{"href":"https:\/\/yurtbakisi.com\/index.php?rest_route=\/wp\/v2\/posts\/9003","targetHints":{"allow":["GET"]}}],"collection":[{"href":"https:\/\/yurtbakisi.com\/index.php?rest_route=\/wp\/v2\/posts"}],"about":[{"href":"https:\/\/yurtbakisi.com\/index.php?rest_route=\/wp\/v2\/types\/post"}],"author":[{"embeddable":true,"href":"https:\/\/yurtbakisi.com\/index.php?rest_route=\/wp\/v2\/users\/1"}],"replies":[{"embeddable":true,"href":"https:\/\/yurtbakisi.com\/index.php?rest_route=%2Fwp%2Fv2%2Fcomments&post=9003"}],"version-history":[{"count":0,"href":"https:\/\/yurtbakisi.com\/index.php?rest_route=\/wp\/v2\/posts\/9003\/revisions"}],"wp:attachment":[{"href":"https:\/\/yurtbakisi.com\/index.php?rest_route=%2Fwp%2Fv2%2Fmedia&parent=9003"}],"wp:term":[{"taxonomy":"category","embeddable":true,"href":"https:\/\/yurtbakisi.com\/index.php?rest_route=%2Fwp%2Fv2%2Fcategories&post=9003"},{"taxonomy":"post_tag","embeddable":true,"href":"https:\/\/yurtbakisi.com\/index.php?rest_route=%2Fwp%2Fv2%2Ftags&post=9003"},{"taxonomy":"yb_news_series","embeddable":true,"href":"https:\/\/yurtbakisi.com\/index.php?rest_route=%2Fwp%2Fv2%2Fyb_news_series&post=9003"},{"taxonomy":"yb_language","embeddable":true,"href":"https:\/\/yurtbakisi.com\/index.php?rest_route=%2Fwp%2Fv2%2Fyb_language&post=9003"}],"curies":[{"name":"wp","href":"https:\/\/api.w.org\/{rel}","templated":true}]}}