{"id":9009,"date":"2026-08-31T16:20:07","date_gmt":"2026-08-31T13:20:07","guid":{"rendered":"https:\/\/yurtbakisi.com\/?p=9009"},"modified":"2026-08-31T16:20:07","modified_gmt":"2026-08-31T13:20:07","slug":"sivas-kongresinin-107-yil-donumu-etkinliklerle-kutlanacak-canli-gaste","status":"publish","type":"post","link":"https:\/\/yurtbakisi.com\/?p=9009","title":{"rendered":"Sivas Kongresi&#8217;nin 107. y\u0131l d\u00f6n\u00fcm\u00fc etkinliklerle kutlanacak &#8211; Canl\u0131 Gaste"},"content":{"rendered":"<div class=\"yb-imported-news-note\">\n<p>Sivas Kongresi&#039;nin 107. y\u0131l d\u00f6n\u00fcm\u00fc etkinliklerle kutlanacak Canl\u0131 Gaste<\/p>\n<p><strong>Kaynak:<\/strong> Katalog \u2014 M\u00fczik Festivalleri \u2014 Ayr\u0131nt\u0131lar ve tam i\u00e7erik i\u00e7in <a href=\"https:\/\/news.google.com\/rss\/articles\/CBMimAFBVV95cUxNektaZkl5b3RZMFhYVzZEOHl3SHN4THdFbjVNTHpEMmVkNFNObWFsYzloNE9vWkJMMFNaQmxGV2RsczlsM2FMRVQ0NHZsYm5meVlxSnJFOEVsVndteC1JSF85WWhUSE12R21zdWt0YTQ0bjEtemRJbkpPNjhqMUJwaTJsY2dtQmk4NF9KNW5rM2c3OHQ3TkRnWNIBpgFBVV95cUxNM19kaS1oZWZpSVlYREtlTVhoMlZDRXVRQ0tRSmM3N0RWSjM2a0l1YUwwMGRTOElLdXlrSU5JcXdSQXRwbWJ2WWM0ek44ZVY4OVNia0c3MjdsRU5ScGM2QVlfQjh1dUVUV2dFTFp2eXZoY1dQeHdfZWNJeGxYZ2hYc3RDZ01xQ0xrTmxYNGpsbWtoMnFsTHlhWkpCcU82UWxWeWs5XzF3?oc=5\" target=\"_blank\" rel=\"nofollow noopener noreferrer\">\u00f6zg\u00fcn haberi a\u00e7\u0131n<\/a>.<\/p>\n<p><small>Bu kay\u0131t RSS haber havuzuna k\u0131sa kaynak \u00f6zeti olarak al\u0131nm\u0131\u015ft\u0131r; \u00f6zg\u00fcn metnin tamam\u0131 kopyalanmam\u0131\u015ft\u0131r.<\/small><\/p>\n<\/div>\n","protected":false},"excerpt":{"rendered":"<p>Sivas Kongresi&#8217;nin 107. y\u0131l d\u00f6n\u00fcm\u00fc etkinliklerle kutlanacak Canl\u0131 Gaste<\/p>\n","protected":false},"author":1,"featured_media":0,"comment_status":"closed","ping_status":"closed","sticky":false,"template":"","format":"standard","meta":{"_yb_topic_hash":"a3e05a3913f20ef1449b37349157c100f90451086653243d9ab2d7827bcac9a2","_yb_image_repair_status":"","_yb_image_repair_last":"","_yb_image_repair_attempts":0,"_yb_source_trust_score":93,"footnotes":""},"categories":[40,5,4],"tags":[134,109],"yb_news_series":[],"yb_language":[],"class_list":["post-9009","post","type-post","status-publish","format-standard","has-post-thumbnail","hentry","category-muzik-festivalleri","category-muzik","category-sinema","tag-katalog-muzik-festivalleri","tag-muzik"],"blocksy_meta":[],"_links":{"self":[{"href":"https:\/\/yurtbakisi.com\/index.php?rest_route=\/wp\/v2\/posts\/9009","targetHints":{"allow":["GET"]}}],"collection":[{"href":"https:\/\/yurtbakisi.com\/index.php?rest_route=\/wp\/v2\/posts"}],"about":[{"href":"https:\/\/yurtbakisi.com\/index.php?rest_route=\/wp\/v2\/types\/post"}],"author":[{"embeddable":true,"href":"https:\/\/yurtbakisi.com\/index.php?rest_route=\/wp\/v2\/users\/1"}],"replies":[{"embeddable":true,"href":"https:\/\/yurtbakisi.com\/index.php?rest_route=%2Fwp%2Fv2%2Fcomments&post=9009"}],"version-history":[{"count":0,"href":"https:\/\/yurtbakisi.com\/index.php?rest_route=\/wp\/v2\/posts\/9009\/revisions"}],"wp:attachment":[{"href":"https:\/\/yurtbakisi.com\/index.php?rest_route=%2Fwp%2Fv2%2Fmedia&parent=9009"}],"wp:term":[{"taxonomy":"category","embeddable":true,"href":"https:\/\/yurtbakisi.com\/index.php?rest_route=%2Fwp%2Fv2%2Fcategories&post=9009"},{"taxonomy":"post_tag","embeddable":true,"href":"https:\/\/yurtbakisi.com\/index.php?rest_route=%2Fwp%2Fv2%2Ftags&post=9009"},{"taxonomy":"yb_news_series","embeddable":true,"href":"https:\/\/yurtbakisi.com\/index.php?rest_route=%2Fwp%2Fv2%2Fyb_news_series&post=9009"},{"taxonomy":"yb_language","embeddable":true,"href":"https:\/\/yurtbakisi.com\/index.php?rest_route=%2Fwp%2Fv2%2Fyb_language&post=9009"}],"curies":[{"name":"wp","href":"https:\/\/api.w.org\/{rel}","templated":true}]}}