{"id":9012,"date":"2026-09-04T20:24:02","date_gmt":"2026-09-04T17:24:02","guid":{"rendered":"https:\/\/yurtbakisi.com\/?p=9012"},"modified":"2026-09-04T20:24:02","modified_gmt":"2026-09-04T17:24:02","slug":"torbalida-kitap-gunleri-basladi-akif-beki-ve-yavuz-oghan-siyasette-belirsizlikleri-konusacak-karar","status":"publish","type":"post","link":"https:\/\/yurtbakisi.com\/?p=9012","title":{"rendered":"Torbal\u0131\u2019da kitap g\u00fcnleri ba\u015flad\u0131: Akif Beki ve Yavuz O\u011fhan \u201cSiyasette Belirsizlikler\u201di konu\u015facak &#8211; KARAR"},"content":{"rendered":"<div class=\"yb-imported-news-note\">\n<p>Torbal\u0131\u2019da kitap g\u00fcnleri ba\u015flad\u0131: Akif Beki ve Yavuz O\u011fhan \u201cSiyasette Belirsizlikler\u201di konu\u015facak KARAR<\/p>\n<p><strong>Kaynak:<\/strong> Canl\u0131 Ak\u0131\u015f \u2014 K\u00fclt\u00fcr Sanat \u2014 Ayr\u0131nt\u0131lar ve tam i\u00e7erik i\u00e7in <a href=\"https:\/\/news.google.com\/rss\/articles\/CBMirgFBVV95cUxOcnZwSWlsRmFaYTZ0cUN6d3BfaUFKMVhscnlCbHBHWVNGcmZWTUhKbERhRmp0Ulk0OE5CTFM0Mk9XeFBZWTBDdlNGNGN3dVFrSGhCMlRFU3RkUF9QWmZmczlDc2ZCZml5YlFhSHN4OFpvUlFsbTZrWkxPSkVmUWNDeEJvTFpwMkhNRTFMSWg2M3A0OGpVNU8tR3puZzJHbnlZRnZiRDVYMFk4bTlPNlE?oc=5\" target=\"_blank\" rel=\"nofollow noopener noreferrer\">\u00f6zg\u00fcn haberi a\u00e7\u0131n<\/a>.<\/p>\n<p><small>Bu kay\u0131t RSS haber havuzuna k\u0131sa kaynak \u00f6zeti olarak al\u0131nm\u0131\u015ft\u0131r; \u00f6zg\u00fcn metnin tamam\u0131 kopyalanmam\u0131\u015ft\u0131r.<\/small><\/p>\n<\/div>\n","protected":false},"excerpt":{"rendered":"<p>Torbal\u0131\u2019da kitap g\u00fcnleri ba\u015flad\u0131: Akif Beki ve Yavuz O\u011fhan \u201cSiyasette Belirsizlikler\u201di konu\u015facak KARAR<\/p>\n","protected":false},"author":1,"featured_media":0,"comment_status":"closed","ping_status":"closed","sticky":false,"template":"","format":"standard","meta":{"_yb_topic_hash":"dc98c7a3dffb049f8d73b34667eebe4a9f68c5183710b3842fcbdfdacae256ea","_yb_image_repair_status":"","_yb_image_repair_last":"","_yb_image_repair_attempts":0,"_yb_source_trust_score":93,"footnotes":""},"categories":[81,10,78],"tags":[119,111],"yb_news_series":[],"yb_language":[],"class_list":["post-9012","post","type-post","status-publish","format-standard","has-post-thumbnail","hentry","category-kitap","category-kultur-sanat","category-kultur-yasam","tag-canli-akis-kultur-sanat","tag-kultur-sanat"],"blocksy_meta":[],"_links":{"self":[{"href":"https:\/\/yurtbakisi.com\/index.php?rest_route=\/wp\/v2\/posts\/9012","targetHints":{"allow":["GET"]}}],"collection":[{"href":"https:\/\/yurtbakisi.com\/index.php?rest_route=\/wp\/v2\/posts"}],"about":[{"href":"https:\/\/yurtbakisi.com\/index.php?rest_route=\/wp\/v2\/types\/post"}],"author":[{"embeddable":true,"href":"https:\/\/yurtbakisi.com\/index.php?rest_route=\/wp\/v2\/users\/1"}],"replies":[{"embeddable":true,"href":"https:\/\/yurtbakisi.com\/index.php?rest_route=%2Fwp%2Fv2%2Fcomments&post=9012"}],"version-history":[{"count":0,"href":"https:\/\/yurtbakisi.com\/index.php?rest_route=\/wp\/v2\/posts\/9012\/revisions"}],"wp:attachment":[{"href":"https:\/\/yurtbakisi.com\/index.php?rest_route=%2Fwp%2Fv2%2Fmedia&parent=9012"}],"wp:term":[{"taxonomy":"category","embeddable":true,"href":"https:\/\/yurtbakisi.com\/index.php?rest_route=%2Fwp%2Fv2%2Fcategories&post=9012"},{"taxonomy":"post_tag","embeddable":true,"href":"https:\/\/yurtbakisi.com\/index.php?rest_route=%2Fwp%2Fv2%2Ftags&post=9012"},{"taxonomy":"yb_news_series","embeddable":true,"href":"https:\/\/yurtbakisi.com\/index.php?rest_route=%2Fwp%2Fv2%2Fyb_news_series&post=9012"},{"taxonomy":"yb_language","embeddable":true,"href":"https:\/\/yurtbakisi.com\/index.php?rest_route=%2Fwp%2Fv2%2Fyb_language&post=9012"}],"curies":[{"name":"wp","href":"https:\/\/api.w.org\/{rel}","templated":true}]}}