{"id":9020,"date":"2026-09-04T23:57:17","date_gmt":"2026-09-04T20:57:17","guid":{"rendered":"https:\/\/yurtbakisi.com\/?p=9020"},"modified":"2026-09-04T23:57:25","modified_gmt":"2026-09-04T20:57:25","slug":"ucurtmalar-gazzeli-cocuklar-icin-gokyuzune-birakilacak","status":"publish","type":"post","link":"https:\/\/yurtbakisi.com\/?p=9020","title":{"rendered":"U\u00e7urtmalar Gazzeli \u00e7ocuklar i\u00e7in g\u00f6ky\u00fcz\u00fcne b\u0131rak\u0131lacak"},"content":{"rendered":"<p>Mill\u00ee E\u011fitim Bakanl\u0131\u011f\u0131nca, Gazze&#039;de ya\u015fananlara y\u00f6nelik duyarl\u0131l\u0131k olu\u015fturmak ve \u00e7ocuklar\u0131n bar\u0131\u015f mesaj\u0131n\u0131 u\u00e7urtmalarla g\u00f6ky\u00fcz\u00fcne ta\u015f\u0131malar\u0131n\u0131 sa\u011flamak amac\u0131yla 14-18 Eyl\u00fcl tarihlerinde &quot;U\u00e7urtmalar Vurulmas\u0131n, G\u00f6ky\u00fcz\u00fc \u00c7ocuklara Kals\u0131n&quot; etkinli\u011fi ger\u00e7ekle\u015ftirilecek.<\/p>\n<p><strong>Kaynak:<\/strong> TRT Haber \u2014 <a href=\"https:\/\/www.trthaber.com\/haber\/egitim\/ucurtmalar-gazzeli-cocuklar-icin-gokyuzune-birakilacak-955908.html\" target=\"_blank\" rel=\"nofollow noopener\">Haberin devam\u0131n\u0131 \u00f6zg\u00fcn kayna\u011f\u0131nda oku<\/a><\/p>\n","protected":false},"excerpt":{"rendered":"<p>Mill\u00ee E\u011fitim Bakanl\u0131\u011f\u0131nca, Gazze&#8217;de ya\u015fananlara y\u00f6nelik duyarl\u0131l\u0131k olu\u015fturmak ve \u00e7ocuklar\u0131n bar\u0131\u015f mesaj\u0131n\u0131 u\u00e7urtmalarla g\u00f6ky\u00fcz\u00fcne ta\u015f\u0131malar\u0131n\u0131 sa\u011flamak amac\u0131yla 14-18 Eyl\u00fcl tarihlerinde &#8220;U\u00e7urtmalar Vurulmas\u0131n, G\u00f6ky\u00fcz\u00fc \u00c7ocuklara Kals\u0131n&#8221; etkinli\u011fi ger\u00e7ekle\u015ftirilecek.<\/p>\n","protected":false},"author":0,"featured_media":9021,"comment_status":"closed","ping_status":"closed","sticky":false,"template":"","format":"standard","meta":{"_yb_topic_hash":"9fe343c3666db918e9eff92ef55eb8424bd07e85c9abb318e4e0356d918fa8a8","_yb_image_repair_status":"","_yb_image_repair_last":"","_yb_image_repair_attempts":0,"_yb_source_trust_score":0,"footnotes":""},"categories":[157],"tags":[],"yb_news_series":[],"yb_language":[],"class_list":["post-9020","post","type-post","status-publish","format-standard","has-post-thumbnail","hentry","category-egitim"],"blocksy_meta":[],"_links":{"self":[{"href":"https:\/\/yurtbakisi.com\/index.php?rest_route=\/wp\/v2\/posts\/9020","targetHints":{"allow":["GET"]}}],"collection":[{"href":"https:\/\/yurtbakisi.com\/index.php?rest_route=\/wp\/v2\/posts"}],"about":[{"href":"https:\/\/yurtbakisi.com\/index.php?rest_route=\/wp\/v2\/types\/post"}],"replies":[{"embeddable":true,"href":"https:\/\/yurtbakisi.com\/index.php?rest_route=%2Fwp%2Fv2%2Fcomments&post=9020"}],"version-history":[{"count":1,"href":"https:\/\/yurtbakisi.com\/index.php?rest_route=\/wp\/v2\/posts\/9020\/revisions"}],"predecessor-version":[{"id":9022,"href":"https:\/\/yurtbakisi.com\/index.php?rest_route=\/wp\/v2\/posts\/9020\/revisions\/9022"}],"wp:featuredmedia":[{"embeddable":true,"href":"https:\/\/yurtbakisi.com\/index.php?rest_route=\/wp\/v2\/media\/9021"}],"wp:attachment":[{"href":"https:\/\/yurtbakisi.com\/index.php?rest_route=%2Fwp%2Fv2%2Fmedia&parent=9020"}],"wp:term":[{"taxonomy":"category","embeddable":true,"href":"https:\/\/yurtbakisi.com\/index.php?rest_route=%2Fwp%2Fv2%2Fcategories&post=9020"},{"taxonomy":"post_tag","embeddable":true,"href":"https:\/\/yurtbakisi.com\/index.php?rest_route=%2Fwp%2Fv2%2Ftags&post=9020"},{"taxonomy":"yb_news_series","embeddable":true,"href":"https:\/\/yurtbakisi.com\/index.php?rest_route=%2Fwp%2Fv2%2Fyb_news_series&post=9020"},{"taxonomy":"yb_language","embeddable":true,"href":"https:\/\/yurtbakisi.com\/index.php?rest_route=%2Fwp%2Fv2%2Fyb_language&post=9020"}],"curies":[{"name":"wp","href":"https:\/\/api.w.org\/{rel}","templated":true}]}}