{"id":9026,"date":"2026-09-05T00:01:34","date_gmt":"2026-09-04T21:01:34","guid":{"rendered":"https:\/\/yurtbakisi.com\/?p=9026"},"modified":"2026-09-05T00:01:43","modified_gmt":"2026-09-04T21:01:43","slug":"erdogan-en-utanc-verici-kitap-katliamlari-darbe-donemlerinde-yasandi","status":"publish","type":"post","link":"https:\/\/yurtbakisi.com\/?p=9026","title":{"rendered":"Erdo\u011fan: En utan\u00e7 verici kitap katliamlar\u0131 darbe d\u00f6nemlerinde ya\u015fand\u0131"},"content":{"rendered":"<p>Cumhurba\u015fkan\u0131 Recep Tayyip Erdo\u011fan, &quot;En utan\u00e7 verici kitap katliamlar\u0131; milli iradenin ve demokrasinin ask\u0131ya al\u0131nd\u0131\u011f\u0131 darbe d\u00f6nemlerinde ya\u015fanm\u0131\u015ft\u0131r. 28 \u015eubat d\u00f6neminde 500&#039;\u00fc Sultan 2. Abd\u00fclhamid Han&#039;\u0131n \u015fahsi kitapl\u0131\u011f\u0131na ait 4500 eser, devrin vesayet\u00e7i y\u00f6neticileri taraf\u0131ndan \u0130stanbul \u00dcniversitesi K\u00fct\u00fcphanesi&#039;nden \u00e7\u00f6pe at\u0131lm\u0131\u015ft\u0131r.&quot; dedi.<\/p>\n<p><strong>Kaynak:<\/strong> TRT Haber \u2014 <a href=\"https:\/\/www.trthaber.com\/haber\/gundem\/erdogan-en-utanc-verici-kitap-katliamlari-darbe-donemlerinde-yasandi-955901.html\" target=\"_blank\" rel=\"nofollow noopener\">Haberin devam\u0131n\u0131 \u00f6zg\u00fcn kayna\u011f\u0131nda oku<\/a><\/p>\n","protected":false},"excerpt":{"rendered":"<p>Cumhurba\u015fkan\u0131 Recep Tayyip Erdo\u011fan, &#8220;En utan\u00e7 verici kitap katliamlar\u0131; milli iradenin ve demokrasinin ask\u0131ya al\u0131nd\u0131\u011f\u0131 darbe d\u00f6nemlerinde ya\u015fanm\u0131\u015ft\u0131r. 28 \u015eubat d\u00f6neminde 500&#8217;\u00fc Sultan 2. Abd\u00fclhamid Han&#8217;\u0131n \u015fahsi kitapl\u0131\u011f\u0131na ait 4500 eser, devrin vesayet\u00e7i y\u00f6neticileri\u2026<\/p>\n","protected":false},"author":0,"featured_media":9027,"comment_status":"closed","ping_status":"closed","sticky":false,"template":"","format":"standard","meta":{"_yb_topic_hash":"5388d198e5e1db7381f340752045d089a1d75c219815fdeba313189569c5f478","_yb_image_repair_status":"","_yb_image_repair_last":"","_yb_image_repair_attempts":0,"_yb_source_trust_score":0,"footnotes":""},"categories":[157,153],"tags":[111],"yb_news_series":[],"yb_language":[],"class_list":["post-9026","post","type-post","status-publish","format-standard","has-post-thumbnail","hentry","category-egitim","category-gundem","tag-kultur-sanat"],"blocksy_meta":[],"_links":{"self":[{"href":"https:\/\/yurtbakisi.com\/index.php?rest_route=\/wp\/v2\/posts\/9026","targetHints":{"allow":["GET"]}}],"collection":[{"href":"https:\/\/yurtbakisi.com\/index.php?rest_route=\/wp\/v2\/posts"}],"about":[{"href":"https:\/\/yurtbakisi.com\/index.php?rest_route=\/wp\/v2\/types\/post"}],"replies":[{"embeddable":true,"href":"https:\/\/yurtbakisi.com\/index.php?rest_route=%2Fwp%2Fv2%2Fcomments&post=9026"}],"version-history":[{"count":1,"href":"https:\/\/yurtbakisi.com\/index.php?rest_route=\/wp\/v2\/posts\/9026\/revisions"}],"predecessor-version":[{"id":9028,"href":"https:\/\/yurtbakisi.com\/index.php?rest_route=\/wp\/v2\/posts\/9026\/revisions\/9028"}],"wp:featuredmedia":[{"embeddable":true,"href":"https:\/\/yurtbakisi.com\/index.php?rest_route=\/wp\/v2\/media\/9027"}],"wp:attachment":[{"href":"https:\/\/yurtbakisi.com\/index.php?rest_route=%2Fwp%2Fv2%2Fmedia&parent=9026"}],"wp:term":[{"taxonomy":"category","embeddable":true,"href":"https:\/\/yurtbakisi.com\/index.php?rest_route=%2Fwp%2Fv2%2Fcategories&post=9026"},{"taxonomy":"post_tag","embeddable":true,"href":"https:\/\/yurtbakisi.com\/index.php?rest_route=%2Fwp%2Fv2%2Ftags&post=9026"},{"taxonomy":"yb_news_series","embeddable":true,"href":"https:\/\/yurtbakisi.com\/index.php?rest_route=%2Fwp%2Fv2%2Fyb_news_series&post=9026"},{"taxonomy":"yb_language","embeddable":true,"href":"https:\/\/yurtbakisi.com\/index.php?rest_route=%2Fwp%2Fv2%2Fyb_language&post=9026"}],"curies":[{"name":"wp","href":"https:\/\/api.w.org\/{rel}","templated":true}]}}