{"id":9040,"date":"2026-09-05T00:58:06","date_gmt":"2026-09-04T21:58:06","guid":{"rendered":"https:\/\/yurtbakisi.com\/?p=9040"},"modified":"2026-09-05T00:58:14","modified_gmt":"2026-09-04T21:58:14","slug":"isgalci-israilin-lubnanin-guneyine-duzenledigi-hava-saldirilarinda-4-kisi-yaralandi","status":"publish","type":"post","link":"https:\/\/yurtbakisi.com\/?p=9040","title":{"rendered":"\u0130\u015fgalci \u0130srail&#039;in L\u00fcbnan&#039;\u0131n g\u00fcneyine d\u00fczenledi\u011fi hava sald\u0131r\u0131lar\u0131nda 4 ki\u015fi yaraland\u0131"},"content":{"rendered":"<p>\u0130srail ordusunun L\u00fcbnan&#039;\u0131n g\u00fcneyindeki \u00e7e\u015fitli b\u00f6lgelere bu ak\u015fam d\u00fczenledi\u011fi hava sald\u0131r\u0131lar\u0131nda ilk belirlemelere g\u00f6re 4 ki\u015fi yaraland\u0131.<\/p>\n<p><strong>Kaynak:<\/strong> TRT Haber \u2014 <a href=\"https:\/\/www.trthaber.com\/haber\/dunya\/isgalci-israilin-lubnanin-guneyine-duzenledigi-hava-saldirilarinda-4-kisi-yaralandi-955936.html\" target=\"_blank\" rel=\"nofollow noopener\">Haberin devam\u0131n\u0131 \u00f6zg\u00fcn kayna\u011f\u0131nda oku<\/a><\/p>\n","protected":false},"excerpt":{"rendered":"<p>\u0130srail ordusunun L\u00fcbnan&#8217;\u0131n g\u00fcneyindeki \u00e7e\u015fitli b\u00f6lgelere bu ak\u015fam d\u00fczenledi\u011fi hava sald\u0131r\u0131lar\u0131nda ilk belirlemelere g\u00f6re 4 ki\u015fi yaraland\u0131.<\/p>\n","protected":false},"author":0,"featured_media":9041,"comment_status":"closed","ping_status":"closed","sticky":false,"template":"","format":"standard","meta":{"_yb_topic_hash":"2fc71cccc42aedf900a9df102b412449b288d25f6ec0a3efc9d2ba837f816d1f","_yb_image_repair_status":"","_yb_image_repair_last":"","_yb_image_repair_attempts":0,"_yb_source_trust_score":0,"footnotes":""},"categories":[155],"tags":[],"yb_news_series":[],"yb_language":[],"class_list":["post-9040","post","type-post","status-publish","format-standard","has-post-thumbnail","hentry","category-dunya"],"blocksy_meta":[],"_links":{"self":[{"href":"https:\/\/yurtbakisi.com\/index.php?rest_route=\/wp\/v2\/posts\/9040","targetHints":{"allow":["GET"]}}],"collection":[{"href":"https:\/\/yurtbakisi.com\/index.php?rest_route=\/wp\/v2\/posts"}],"about":[{"href":"https:\/\/yurtbakisi.com\/index.php?rest_route=\/wp\/v2\/types\/post"}],"replies":[{"embeddable":true,"href":"https:\/\/yurtbakisi.com\/index.php?rest_route=%2Fwp%2Fv2%2Fcomments&post=9040"}],"version-history":[{"count":1,"href":"https:\/\/yurtbakisi.com\/index.php?rest_route=\/wp\/v2\/posts\/9040\/revisions"}],"predecessor-version":[{"id":9042,"href":"https:\/\/yurtbakisi.com\/index.php?rest_route=\/wp\/v2\/posts\/9040\/revisions\/9042"}],"wp:featuredmedia":[{"embeddable":true,"href":"https:\/\/yurtbakisi.com\/index.php?rest_route=\/wp\/v2\/media\/9041"}],"wp:attachment":[{"href":"https:\/\/yurtbakisi.com\/index.php?rest_route=%2Fwp%2Fv2%2Fmedia&parent=9040"}],"wp:term":[{"taxonomy":"category","embeddable":true,"href":"https:\/\/yurtbakisi.com\/index.php?rest_route=%2Fwp%2Fv2%2Fcategories&post=9040"},{"taxonomy":"post_tag","embeddable":true,"href":"https:\/\/yurtbakisi.com\/index.php?rest_route=%2Fwp%2Fv2%2Ftags&post=9040"},{"taxonomy":"yb_news_series","embeddable":true,"href":"https:\/\/yurtbakisi.com\/index.php?rest_route=%2Fwp%2Fv2%2Fyb_news_series&post=9040"},{"taxonomy":"yb_language","embeddable":true,"href":"https:\/\/yurtbakisi.com\/index.php?rest_route=%2Fwp%2Fv2%2Fyb_language&post=9040"}],"curies":[{"name":"wp","href":"https:\/\/api.w.org\/{rel}","templated":true}]}}