{"id":9049,"date":"2026-09-05T01:01:16","date_gmt":"2026-09-04T22:01:16","guid":{"rendered":"https:\/\/yurtbakisi.com\/?p=9049"},"modified":"2026-09-05T01:01:23","modified_gmt":"2026-09-04T22:01:23","slug":"interpol-tarafindan-kirmizi-bultenle-aranan-zanli-antalyada-yakalandi","status":"publish","type":"post","link":"https:\/\/yurtbakisi.com\/?p=9049","title":{"rendered":"Interpol taraf\u0131ndan k\u0131rm\u0131z\u0131 b\u00fcltenle aranan zanl\u0131 Antalya&#039;da yakaland\u0131"},"content":{"rendered":"<p>Antalya&#039;da d\u00fczenlenen operasyonda, Rusya adli makamlar\u0131nca &quot;nitelikli doland\u0131r\u0131c\u0131l\u0131k&quot; su\u00e7undan Uluslararas\u0131 Kriminal Polis Te\u015fkilat\u0131 (Interpol) taraf\u0131ndan k\u0131rm\u0131z\u0131 b\u00fcltenle aranan zanl\u0131 yakaland\u0131.<\/p>\n<p><strong>Kaynak:<\/strong> TRT Haber \u2014 <a href=\"https:\/\/www.trthaber.com\/haber\/turkiye\/interpol-tarafindan-kirmizi-bultenle-aranan-zanli-antalyada-yakalandi-955938.html\" target=\"_blank\" rel=\"nofollow noopener\">Haberin devam\u0131n\u0131 \u00f6zg\u00fcn kayna\u011f\u0131nda oku<\/a><\/p>\n","protected":false},"excerpt":{"rendered":"<p>Antalya&#8217;da d\u00fczenlenen operasyonda, Rusya adli makamlar\u0131nca &#8220;nitelikli doland\u0131r\u0131c\u0131l\u0131k&#8221; su\u00e7undan Uluslararas\u0131 Kriminal Polis Te\u015fkilat\u0131 (Interpol) taraf\u0131ndan k\u0131rm\u0131z\u0131 b\u00fcltenle aranan zanl\u0131 yakaland\u0131.<\/p>\n","protected":false},"author":0,"featured_media":9050,"comment_status":"closed","ping_status":"closed","sticky":false,"template":"","format":"standard","meta":{"_yb_topic_hash":"9de361e94147a46e17a792dfbd86df063175952ac78a8303d3fb17aff25cd0e6","_yb_image_repair_status":"","_yb_image_repair_last":"","_yb_image_repair_attempts":0,"_yb_source_trust_score":0,"footnotes":""},"categories":[154],"tags":[111],"yb_news_series":[],"yb_language":[],"class_list":["post-9049","post","type-post","status-publish","format-standard","has-post-thumbnail","hentry","category-turkiye","tag-kultur-sanat"],"blocksy_meta":[],"_links":{"self":[{"href":"https:\/\/yurtbakisi.com\/index.php?rest_route=\/wp\/v2\/posts\/9049","targetHints":{"allow":["GET"]}}],"collection":[{"href":"https:\/\/yurtbakisi.com\/index.php?rest_route=\/wp\/v2\/posts"}],"about":[{"href":"https:\/\/yurtbakisi.com\/index.php?rest_route=\/wp\/v2\/types\/post"}],"replies":[{"embeddable":true,"href":"https:\/\/yurtbakisi.com\/index.php?rest_route=%2Fwp%2Fv2%2Fcomments&post=9049"}],"version-history":[{"count":1,"href":"https:\/\/yurtbakisi.com\/index.php?rest_route=\/wp\/v2\/posts\/9049\/revisions"}],"predecessor-version":[{"id":9051,"href":"https:\/\/yurtbakisi.com\/index.php?rest_route=\/wp\/v2\/posts\/9049\/revisions\/9051"}],"wp:featuredmedia":[{"embeddable":true,"href":"https:\/\/yurtbakisi.com\/index.php?rest_route=\/wp\/v2\/media\/9050"}],"wp:attachment":[{"href":"https:\/\/yurtbakisi.com\/index.php?rest_route=%2Fwp%2Fv2%2Fmedia&parent=9049"}],"wp:term":[{"taxonomy":"category","embeddable":true,"href":"https:\/\/yurtbakisi.com\/index.php?rest_route=%2Fwp%2Fv2%2Fcategories&post=9049"},{"taxonomy":"post_tag","embeddable":true,"href":"https:\/\/yurtbakisi.com\/index.php?rest_route=%2Fwp%2Fv2%2Ftags&post=9049"},{"taxonomy":"yb_news_series","embeddable":true,"href":"https:\/\/yurtbakisi.com\/index.php?rest_route=%2Fwp%2Fv2%2Fyb_news_series&post=9049"},{"taxonomy":"yb_language","embeddable":true,"href":"https:\/\/yurtbakisi.com\/index.php?rest_route=%2Fwp%2Fv2%2Fyb_language&post=9049"}],"curies":[{"name":"wp","href":"https:\/\/api.w.org\/{rel}","templated":true}]}}